{"id":38290,"date":"2025-08-03T16:00:32","date_gmt":"2025-08-03T16:00:32","guid":{"rendered":"https:\/\/jr1.com.br\/shopping\/2025\/08\/03\/blusa-manga-curta-decote-v-41843751334\/"},"modified":"2025-08-03T16:00:32","modified_gmt":"2025-08-03T16:00:32","slug":"blusa-manga-curta-decote-v-41843751334","status":"publish","type":"post","link":"https:\/\/jr1.com.br\/shopping\/2025\/08\/03\/blusa-manga-curta-decote-v-41843751334\/","title":{"rendered":"Blusa Manga Curta Decote v &#8211; 41843751334"},"content":{"rendered":"<h2>Ropa y accesorios > Prendas de vestir > Camisas y tops<\/h2>\n<h3>O pre\u00e7o de Blusa Manga Curta Decote v no dia acima especificado era de <strong>R$ 299.00<\/strong>.<\/h3>\n<p>Confira o pre\u00e7o atual aqui: <a href=\"https:\/\/www.mariafilo.com.br\/blusa-manga-curta-decote-v-verde-jade-15-24897-09049\/p?idsku=118434?utm_source=awin&#038;utm_medium=aff&#038;utm_campaign=690303&#038;utm_content=u1&#038;utm_term=&#038;sv1=affiliate&#038;sv_campaign_id=690303&#038;awc=64882_1747143695_604e9a136a087f3da65a6e07584fd7f3\" target=\"_blank\" rel=\"noopener sponsored\"><img decoding=\"async\" src=\"https:\/\/ui.awin.com\/images\/upload\/merchant\/profile\/116455.png\" alt=\"Blusa Manga Curta Decote v\" \/> &#8211; nas lojas  Maria Fil\u00f3 BR<\/a><\/p>\n<p><img decoding=\"async\" src=\"https:\/\/mariafilo.vteximg.com.br\/arquivos\/ids\/513923_2\" alt=\"Blusa Manga Curta Decote v\" \/><br \/>\nBlusa Manga Curta Decote V traz o frescor do algod\u00e3o em uma pe\u00e7a vers\u00e1til com caimento leve. O decote em V valoriza o colo e a barra levemente alongada atr\u00e1s cria um toque contempor\u00e2neo. Ideal para combinar com pe\u00e7as fluidas ou para servir de base a composi\u00e7\u00f5es sobrepostas que celebram a sofistica\u00e7\u00e3o natural. Detalhes do Produto  Decote em V frontal Mangas curtas em modelagem cl\u00e1ssica Malha 100% algod\u00e3o com toque macio  Dicas de Styling  Combine com saia midi estampada e sand\u00e1lias plataforma Use sob blazer leve para transitar do dia ao fim de tarde Amarre len\u00e7o na cintura para um ponto de cor autoral<\/p>\n<h4>Aproveite e pesquise o pre\u00e7o deste produto em dezenas de lojas dos marketplaces abaixo:<\/h4>\n<p><a href=\"https:\/\/www.magazinevoce.com.br\/magazineezu\/busca\/Blusa Manga Curta Decote v\/\" target=\"_blank\" rel=\"noopener\"><img decoding=\"async\" src=\"https:\/\/mvc.mlcdn.com.br\/ad\/2503_superofertas.png\" alt=\"Pesquise no Magazine eZu\" \/> &#8211; da Parceria MAGALU<\/a>.<\/p>\n<p>Ainda n\u00e3o encontrou a melhor op\u00e7\u00e3o de compra? Oferecemos mais uma possibilidade de <strong>busca<\/strong> mais ampla para <a href=\"https:\/\/ecompare.com.br\/lojas\/resultados-da-pesquisa\/?q=Blusa Manga Curta Decote v#gsc.tab=0&amp;gsc.q=Blusa Manga Curta Decote v&amp;gsc.page=1\" target=\"_blank\" rel=\"noopener\">Blusa Manga Curta Decote v, clique e continue <strong>pesquisando&#8230;<\/strong><\/a><\/p>\n<hr \/>\n","protected":false},"excerpt":{"rendered":"<p>R$ 299.00 nas lojas <a href=\"https:\/\/www.awin1.com\/pclick.php?p=41843751334&#038;a=690303&#038;m=116455\" target=\"_blank\" rel=\"sponsored\">Maria Fil\u00f3 BR<\/a><\/p>\n","protected":false},"author":1,"featured_media":0,"comment_status":"closed","ping_status":"closed","sticky":false,"template":"","format":"standard","meta":{"footnotes":""},"categories":[2],"tags":[33],"class_list":["post-38290","post","type-post","status-publish","format-standard","hentry","category-produtos","tag-maria-filo-br"],"_links":{"self":[{"href":"https:\/\/jr1.com.br\/shopping\/wp-json\/wp\/v2\/posts\/38290","targetHints":{"allow":["GET"]}}],"collection":[{"href":"https:\/\/jr1.com.br\/shopping\/wp-json\/wp\/v2\/posts"}],"about":[{"href":"https:\/\/jr1.com.br\/shopping\/wp-json\/wp\/v2\/types\/post"}],"author":[{"embeddable":true,"href":"https:\/\/jr1.com.br\/shopping\/wp-json\/wp\/v2\/users\/1"}],"replies":[{"embeddable":true,"href":"https:\/\/jr1.com.br\/shopping\/wp-json\/wp\/v2\/comments?post=38290"}],"version-history":[{"count":0,"href":"https:\/\/jr1.com.br\/shopping\/wp-json\/wp\/v2\/posts\/38290\/revisions"}],"wp:attachment":[{"href":"https:\/\/jr1.com.br\/shopping\/wp-json\/wp\/v2\/media?parent=38290"}],"wp:term":[{"taxonomy":"category","embeddable":true,"href":"https:\/\/jr1.com.br\/shopping\/wp-json\/wp\/v2\/categories?post=38290"},{"taxonomy":"post_tag","embeddable":true,"href":"https:\/\/jr1.com.br\/shopping\/wp-json\/wp\/v2\/tags?post=38290"}],"curies":[{"name":"wp","href":"https:\/\/api.w.org\/{rel}","templated":true}]}}