{"id":42920,"date":"2025-08-29T19:44:15","date_gmt":"2025-08-29T19:44:15","guid":{"rendered":"https:\/\/jr1.com.br\/shopping\/2025\/08\/29\/mochila-slim-dry-preto-33320000945\/"},"modified":"2025-08-29T19:44:15","modified_gmt":"2025-08-29T19:44:15","slug":"mochila-slim-dry-preto-33320000945","status":"publish","type":"post","link":"https:\/\/jr1.com.br\/shopping\/2025\/08\/29\/mochila-slim-dry-preto-33320000945\/","title":{"rendered":"Mochila Slim Dry &#8211; Preto &#8211; 33320000945"},"content":{"rendered":"<h2>Mochila > Mochilas com al\u00e7as<\/h2>\n<h3>O pre\u00e7o de Mochila Slim Dry &#8211; Preto no dia acima especificado era de <strong>R$ 399.90<\/strong>.<\/h3>\n<p>Confira o pre\u00e7o atual aqui: <a href=\"https:\/\/www.sestini.com.br\/mochila-slim-dry-preto\/p?idsku=2535?utm_source=awin&#038;utm_medium=aff&#038;utm_campaign=690303&#038;utm_content=u1&#038;utm_term=&#038;sv1=affiliate&#038;sv_campaign_id=690303&#038;awc=64882_1747143695_604e9a136a087f3da65a6e07584fd7f3\" target=\"_blank\" rel=\"noopener sponsored\"><img decoding=\"async\" src=\"https:\/\/ui.awin.com\/images\/upload\/merchant\/profile\/17910.png\" alt=\"Mochila Slim Dry - Preto\" \/> &#8211; nas lojas  Sestini BR<\/a><\/p>\n<p><img decoding=\"async\" src=\"https:\/\/sestini.vteximg.com.br\/arquivos\/ids\/199192_2\" alt=\"Mochila Slim Dry - Preto\" \/><br \/>\nImprevistos acontecem e esteja sempre preparado para eles com a linha Sestini Dry. Inspirada em tend\u00eancias internacionais, toda a linha \u00e9 feita com material resistente \u00e0 \u00e1gua. At\u00e9 mesmo os detalhes do z\u00edper recebem uma prote\u00e7\u00e3o emborrachada para evitar que a \u00e1gua penetre nos fechos, assim como a al\u00e7a de m\u00e3o. A mochila Slim tem espa\u00e7o para notebooks de at\u00e9 17\u2019\u2019 e al\u00e7a carona, para facilitar o transporte junto com a mala de viagem. E um bolso escondido nas costas traz mais seguran\u00e7a aos seus pertences.<\/p>\n<h4>Aproveite e pesquise o pre\u00e7o deste produto em dezenas de lojas dos marketplaces abaixo:<\/h4>\n<p><a href=\"https:\/\/www.magazinevoce.com.br\/magazineezu\/busca\/Mochila Slim Dry - Preto\/\" target=\"_blank\" rel=\"noopener\"><img decoding=\"async\" src=\"https:\/\/mvc.mlcdn.com.br\/ad\/2503_superofertas.png\" alt=\"Pesquise no Magazine eZu\" \/> &#8211; da Parceria MAGALU<\/a>.<\/p>\n<p>Ainda n\u00e3o encontrou a melhor op\u00e7\u00e3o de compra? Oferecemos mais uma possibilidade de <strong>busca<\/strong> mais ampla para <a href=\"https:\/\/ecompare.com.br\/lojas\/resultados-da-pesquisa\/?q=Mochila Slim Dry - Preto#gsc.tab=0&amp;gsc.q=Mochila Slim Dry - Preto&amp;gsc.page=1\" target=\"_blank\" rel=\"noopener\">Mochila Slim Dry &#8211; Preto, clique e continue <strong>pesquisando&#8230;<\/strong><\/a><\/p>\n<hr \/>\n","protected":false},"excerpt":{"rendered":"<p>R$ 399.90 nas lojas <a href=\"https:\/\/www.awin1.com\/pclick.php?p=33320000945&#038;a=690303&#038;m=17910\" target=\"_blank\" rel=\"sponsored\">Sestini BR<\/a><\/p>\n","protected":false},"author":1,"featured_media":0,"comment_status":"closed","ping_status":"closed","sticky":false,"template":"","format":"standard","meta":{"footnotes":""},"categories":[2],"tags":[37],"class_list":["post-42920","post","type-post","status-publish","format-standard","hentry","category-produtos","tag-sestini-br"],"_links":{"self":[{"href":"https:\/\/jr1.com.br\/shopping\/wp-json\/wp\/v2\/posts\/42920","targetHints":{"allow":["GET"]}}],"collection":[{"href":"https:\/\/jr1.com.br\/shopping\/wp-json\/wp\/v2\/posts"}],"about":[{"href":"https:\/\/jr1.com.br\/shopping\/wp-json\/wp\/v2\/types\/post"}],"author":[{"embeddable":true,"href":"https:\/\/jr1.com.br\/shopping\/wp-json\/wp\/v2\/users\/1"}],"replies":[{"embeddable":true,"href":"https:\/\/jr1.com.br\/shopping\/wp-json\/wp\/v2\/comments?post=42920"}],"version-history":[{"count":0,"href":"https:\/\/jr1.com.br\/shopping\/wp-json\/wp\/v2\/posts\/42920\/revisions"}],"wp:attachment":[{"href":"https:\/\/jr1.com.br\/shopping\/wp-json\/wp\/v2\/media?parent=42920"}],"wp:term":[{"taxonomy":"category","embeddable":true,"href":"https:\/\/jr1.com.br\/shopping\/wp-json\/wp\/v2\/categories?post=42920"},{"taxonomy":"post_tag","embeddable":true,"href":"https:\/\/jr1.com.br\/shopping\/wp-json\/wp\/v2\/tags?post=42920"}],"curies":[{"name":"wp","href":"https:\/\/api.w.org\/{rel}","templated":true}]}}