{"id":43334,"date":"2025-08-06T12:21:40","date_gmt":"2025-08-06T12:21:40","guid":{"rendered":"https:\/\/jr1.com.br\/shopping\/2025\/08\/06\/mochila-2-compartimentos-paul-frank-world-azul-jeans-mochila-2-compartimentos-paul-frank-world-azul-jeans-36322449802\/"},"modified":"2025-08-06T12:21:40","modified_gmt":"2025-08-06T12:21:40","slug":"mochila-2-compartimentos-paul-frank-world-azul-jeans-mochila-2-compartimentos-paul-frank-world-azul-jeans-36322449802","status":"publish","type":"post","link":"https:\/\/jr1.com.br\/shopping\/2025\/08\/06\/mochila-2-compartimentos-paul-frank-world-azul-jeans-mochila-2-compartimentos-paul-frank-world-azul-jeans-36322449802\/","title":{"rendered":"Mochila 2 Compartimentos Paul Frank World Azul &#8211; Jeans Mochila 2 Compartimentos Paul Frank World &#8211; Azul &#8211; Jeans &#8211; 36322449802"},"content":{"rendered":"<h2>Mochila > Mochilas com al\u00e7as<\/h2>\n<h3>O pre\u00e7o de Mochila 2 Compartimentos Paul Frank World Azul &#8211; Jeans Mochila 2 Compartimentos Paul Frank World &#8211; Azul &#8211; Jeans no dia acima especificado era de <strong>R$ 169.90<\/strong>.<\/h3>\n<p>Confira o pre\u00e7o atual aqui: <a href=\"https:\/\/www.sestini.com.br\/mochila-2-compartimentos-paul-frank-world-azul-jeans\/p?idsku=4011?utm_source=awin&#038;utm_medium=aff&#038;utm_campaign=690303&#038;utm_content=u1&#038;utm_term=&#038;sv1=affiliate&#038;sv_campaign_id=690303&#038;awc=64882_1747143695_604e9a136a087f3da65a6e07584fd7f3\" target=\"_blank\" rel=\"noopener sponsored\"><img decoding=\"async\" src=\"https:\/\/ui.awin.com\/images\/upload\/merchant\/profile\/17910.png\" alt=\"Mochila 2 Compartimentos Paul Frank World Azul - Jeans Mochila 2 Compartimentos Paul Frank World - Azul - Jeans\" \/> &#8211; nas lojas  Sestini BR<\/a><\/p>\n<p><img decoding=\"async\" src=\"https:\/\/sestini.vteximg.com.br\/arquivos\/ids\/212906_2\" alt=\"Mochila 2 Compartimentos Paul Frank World Azul - Jeans Mochila 2 Compartimentos Paul Frank World - Azul - Jeans\" \/><br \/>\nPara rodar o mundo, essa \u00e9 a sua nova mochila! A cole\u00e7\u00e3o da Paul Frank Azul &#8211; Jeans traz tons de azul com detalhes em rosa claro que d\u00e3o um ar descontra\u00eddo e jovem, caracter\u00edsticas da marca californiana. Com dois bolsos frontais e dois compartimentos, este modelo ainda tem bolsos laterais com rede, al\u00e7a de m\u00e3o em cadar\u00e7o e al\u00e7a de costas espumadas.<\/p>\n<h4>Aproveite e pesquise o pre\u00e7o deste produto em dezenas de lojas dos marketplaces abaixo:<\/h4>\n<p><a href=\"https:\/\/www.magazinevoce.com.br\/magazineezu\/busca\/Mochila 2 Compartimentos Paul Frank World Azul - Jeans Mochila 2 Compartimentos Paul Frank World - Azul - Jeans\/\" target=\"_blank\" rel=\"noopener\"><img decoding=\"async\" src=\"https:\/\/mvc.mlcdn.com.br\/ad\/2503_superofertas.png\" alt=\"Pesquise no Magazine eZu\" \/> &#8211; da Parceria MAGALU<\/a>.<\/p>\n<p>Ainda n\u00e3o encontrou a melhor op\u00e7\u00e3o de compra? Oferecemos mais uma possibilidade de <strong>busca<\/strong> mais ampla para <a href=\"https:\/\/ecompare.com.br\/lojas\/resultados-da-pesquisa\/?q=Mochila 2 Compartimentos Paul Frank World Azul - Jeans Mochila 2 Compartimentos Paul Frank World - Azul - Jeans#gsc.tab=0&amp;gsc.q=Mochila 2 Compartimentos Paul Frank World Azul - Jeans Mochila 2 Compartimentos Paul Frank World - Azul - Jeans&amp;gsc.page=1\" target=\"_blank\" rel=\"noopener\">Mochila 2 Compartimentos Paul Frank World Azul &#8211; Jeans Mochila 2 Compartimentos Paul Frank World &#8211; Azul &#8211; Jeans, clique e continue <strong>pesquisando&#8230;<\/strong><\/a><\/p>\n<hr \/>\n","protected":false},"excerpt":{"rendered":"<p>R$ 169.90 nas lojas <a href=\"https:\/\/www.awin1.com\/pclick.php?p=36322449802&#038;a=690303&#038;m=17910\" target=\"_blank\" rel=\"sponsored\">Sestini BR<\/a><\/p>\n","protected":false},"author":1,"featured_media":0,"comment_status":"closed","ping_status":"closed","sticky":false,"template":"","format":"standard","meta":{"footnotes":""},"categories":[2],"tags":[37],"class_list":["post-43334","post","type-post","status-publish","format-standard","hentry","category-produtos","tag-sestini-br"],"_links":{"self":[{"href":"https:\/\/jr1.com.br\/shopping\/wp-json\/wp\/v2\/posts\/43334","targetHints":{"allow":["GET"]}}],"collection":[{"href":"https:\/\/jr1.com.br\/shopping\/wp-json\/wp\/v2\/posts"}],"about":[{"href":"https:\/\/jr1.com.br\/shopping\/wp-json\/wp\/v2\/types\/post"}],"author":[{"embeddable":true,"href":"https:\/\/jr1.com.br\/shopping\/wp-json\/wp\/v2\/users\/1"}],"replies":[{"embeddable":true,"href":"https:\/\/jr1.com.br\/shopping\/wp-json\/wp\/v2\/comments?post=43334"}],"version-history":[{"count":0,"href":"https:\/\/jr1.com.br\/shopping\/wp-json\/wp\/v2\/posts\/43334\/revisions"}],"wp:attachment":[{"href":"https:\/\/jr1.com.br\/shopping\/wp-json\/wp\/v2\/media?parent=43334"}],"wp:term":[{"taxonomy":"category","embeddable":true,"href":"https:\/\/jr1.com.br\/shopping\/wp-json\/wp\/v2\/categories?post=43334"},{"taxonomy":"post_tag","embeddable":true,"href":"https:\/\/jr1.com.br\/shopping\/wp-json\/wp\/v2\/tags?post=43334"}],"curies":[{"name":"wp","href":"https:\/\/api.w.org\/{rel}","templated":true}]}}