{"id":56107,"date":"2025-09-04T04:41:36","date_gmt":"2025-09-04T04:41:36","guid":{"rendered":"https:\/\/jr1.com.br\/shopping\/2025\/09\/04\/conjunto-de-facas-tramontina-plenus-em-inox-com-cabo-plastico-preto-4-pecas-41388869314\/"},"modified":"2025-09-04T04:41:36","modified_gmt":"2025-09-04T04:41:36","slug":"conjunto-de-facas-tramontina-plenus-em-inox-com-cabo-plastico-preto-4-pecas-41388869314","status":"publish","type":"post","link":"https:\/\/jr1.com.br\/shopping\/2025\/09\/04\/conjunto-de-facas-tramontina-plenus-em-inox-com-cabo-plastico-preto-4-pecas-41388869314\/","title":{"rendered":"Conjunto de Facas Tramontina Plenus em Inox com Cabo Pl\u00e1stico Preto 4 Pe\u00e7as &#8211; 41388869314"},"content":{"rendered":"<h2><\/h2>\n<h3>O pre\u00e7o de Conjunto de Facas Tramontina Plenus em Inox com Cabo Pl\u00e1stico Preto 4 Pe\u00e7as no dia acima especificado era de <strong>R$ 54.99<\/strong>.<\/h3>\n<p>Confira o pre\u00e7o atual aqui: <a href=\"https:\/\/lista.lebiscuit.com.br\/cj-faca-tramont-plenus-pt-c4-23498-064-5127282\/p?idsku=2147335741?utm_source=awin&#038;utm_medium=aff&#038;utm_campaign=690303&#038;utm_content=u1&#038;utm_term=&#038;sv1=affiliate&#038;sv_campaign_id=690303&#038;awc=64882_1747143695_604e9a136a087f3da65a6e07584fd7f3\" target=\"_blank\" rel=\"noopener sponsored\"><img decoding=\"async\" src=\"https:\/\/ui.awin.com\/images\/upload\/merchant\/profile\/24620.png\" alt=\"Conjunto de Facas Tramontina Plenus em Inox com Cabo Pl\u00e1stico Preto 4 Pe\u00e7as\" \/> &#8211; nas lojas  Le Biscuit BR<\/a><\/p>\n<p><img decoding=\"async\" src=\"https:\/\/lebiscuit.vteximg.com.br\/arquivos\/ids\/59982883_2\" alt=\"Conjunto de Facas Tramontina Plenus em Inox com Cabo Pl\u00e1stico Preto 4 Pe\u00e7as\" \/><br \/>\nO Conjunto de Facas Tramontina Plenus vai completar a sua cozinha. S\u00e3o 4 pe\u00e7as fabricadas com l\u00e2minas em a\u00e7o inox e cabos de polipro pileno, ideal para te auxiliar na hora de preparar as refei\u00e7\u00f5es, sejam elas carnes, legumes ou frutas. Perfeito para uso di\u00e1rio, o j ogo de facas foi especialmente desenvolvido com tratamento t\u00e9rmico, o que garante um excelente fio de corte. O conjunto de facas inc lui 1 faca para churrasco, 1 faca para legumes e frutas, 1 faca para cozinha e 1 faca chef.<\/p>\n<h4>Aproveite e pesquise o pre\u00e7o deste produto em dezenas de lojas dos marketplaces abaixo:<\/h4>\n<p><a href=\"https:\/\/www.magazinevoce.com.br\/magazineezu\/busca\/Conjunto de Facas Tramontina Plenus em Inox com Cabo Pl\u00e1stico Preto 4 Pe\u00e7as\/\" target=\"_blank\" rel=\"noopener\"><img decoding=\"async\" src=\"https:\/\/mvc.mlcdn.com.br\/ad\/2503_superofertas.png\" alt=\"Pesquise no Magazine eZu\" \/> &#8211; da Parceria MAGALU<\/a>.<\/p>\n<p>Ainda n\u00e3o encontrou a melhor op\u00e7\u00e3o de compra? Oferecemos mais uma possibilidade de <strong>busca<\/strong> mais ampla para <a href=\"https:\/\/ecompare.com.br\/lojas\/resultados-da-pesquisa\/?q=Conjunto de Facas Tramontina Plenus em Inox com Cabo Pl\u00e1stico Preto 4 Pe\u00e7as#gsc.tab=0&amp;gsc.q=Conjunto de Facas Tramontina Plenus em Inox com Cabo Pl\u00e1stico Preto 4 Pe\u00e7as&amp;gsc.page=1\" target=\"_blank\" rel=\"noopener\">Conjunto de Facas Tramontina Plenus em Inox com Cabo Pl\u00e1stico Preto 4 Pe\u00e7as, clique e continue <strong>pesquisando&#8230;<\/strong><\/a><\/p>\n<hr \/>\n","protected":false},"excerpt":{"rendered":"<p>R$ 54.99 nas lojas <a href=\"https:\/\/www.awin1.com\/pclick.php?p=41388869314&#038;a=690303&#038;m=24620\" target=\"_blank\" rel=\"sponsored\">Le Biscuit BR<\/a><\/p>\n","protected":false},"author":1,"featured_media":0,"comment_status":"closed","ping_status":"closed","sticky":false,"template":"","format":"standard","meta":{"footnotes":""},"categories":[2],"tags":[31],"class_list":["post-56107","post","type-post","status-publish","format-standard","hentry","category-produtos","tag-le-biscuit-br"],"_links":{"self":[{"href":"https:\/\/jr1.com.br\/shopping\/wp-json\/wp\/v2\/posts\/56107","targetHints":{"allow":["GET"]}}],"collection":[{"href":"https:\/\/jr1.com.br\/shopping\/wp-json\/wp\/v2\/posts"}],"about":[{"href":"https:\/\/jr1.com.br\/shopping\/wp-json\/wp\/v2\/types\/post"}],"author":[{"embeddable":true,"href":"https:\/\/jr1.com.br\/shopping\/wp-json\/wp\/v2\/users\/1"}],"replies":[{"embeddable":true,"href":"https:\/\/jr1.com.br\/shopping\/wp-json\/wp\/v2\/comments?post=56107"}],"version-history":[{"count":0,"href":"https:\/\/jr1.com.br\/shopping\/wp-json\/wp\/v2\/posts\/56107\/revisions"}],"wp:attachment":[{"href":"https:\/\/jr1.com.br\/shopping\/wp-json\/wp\/v2\/media?parent=56107"}],"wp:term":[{"taxonomy":"category","embeddable":true,"href":"https:\/\/jr1.com.br\/shopping\/wp-json\/wp\/v2\/categories?post=56107"},{"taxonomy":"post_tag","embeddable":true,"href":"https:\/\/jr1.com.br\/shopping\/wp-json\/wp\/v2\/tags?post=56107"}],"curies":[{"name":"wp","href":"https:\/\/api.w.org\/{rel}","templated":true}]}}