{"id":57116,"date":"2025-08-17T19:02:53","date_gmt":"2025-08-17T19:02:53","guid":{"rendered":"https:\/\/jr1.com.br\/shopping\/2025\/08\/17\/cadeira-de-praia-botafogo-copacabana-btf-reclinavel-roxa-41388870146\/"},"modified":"2025-08-17T19:02:53","modified_gmt":"2025-08-17T19:02:53","slug":"cadeira-de-praia-botafogo-copacabana-btf-reclinavel-roxa-41388870146","status":"publish","type":"post","link":"https:\/\/jr1.com.br\/shopping\/2025\/08\/17\/cadeira-de-praia-botafogo-copacabana-btf-reclinavel-roxa-41388870146\/","title":{"rendered":"Cadeira de Praia Botafogo Copacabana BTF Reclin\u00e1vel Roxa &#8211; 41388870146"},"content":{"rendered":"<h2><\/h2>\n<h3>O pre\u00e7o de Cadeira de Praia Botafogo Copacabana BTF Reclin\u00e1vel Roxa no dia acima especificado era de <strong>R$ 169.90<\/strong>.<\/h3>\n<p>Confira o pre\u00e7o atual aqui: <a href=\"https:\/\/lista.lebiscuit.com.br\/cadeira-praia-5p-alum-copa-rx-398-btf-5130523\/p?idsku=2147349447?utm_source=awin&#038;utm_medium=aff&#038;utm_campaign=690303&#038;utm_content=u1&#038;utm_term=&#038;sv1=affiliate&#038;sv_campaign_id=690303&#038;awc=64882_1747143695_604e9a136a087f3da65a6e07584fd7f3\" target=\"_blank\" rel=\"noopener sponsored\"><img decoding=\"async\" src=\"https:\/\/ui.awin.com\/images\/upload\/merchant\/profile\/24620.png\" alt=\"Cadeira de Praia Botafogo Copacabana BTF Reclin\u00e1vel Roxa\" \/> &#8211; nas lojas  Le Biscuit BR<\/a><\/p>\n<p><img decoding=\"async\" src=\"https:\/\/lebiscuit.vteximg.com.br\/arquivos\/ids\/50229728_2\" alt=\"Cadeira de Praia Botafogo Copacabana BTF Reclin\u00e1vel Roxa\" \/><br \/>\nConhe\u00e7a incr\u00edvel Cadeira de Praia Botafogo Copacabana BTF Reclin\u00e1vel Roxa , ideal para quem busca conforto, praticidade e estilo em suas horas de lazer na praia. Com cinco posi\u00e7\u00f5es de altura do encosto, voc\u00ea poder\u00e1 ajustar a cadeira de acordo com a sua prefer\u00eancia, encontrando a posi\u00e7\u00e3o perfeita para relaxar e aproveitar o seu momento de descanso. Seja sentado para ler um livro, reclinado para tomar sol ou mais recostado para tirar uma soneca revigorante, a escolha \u00e9 sua.A estrutura em alum\u00ednio retangular da cadeira proporciona uma base s\u00f3lida e resistente, garantindo a sua durabilidade e estabilidade. Al\u00e9m disso, \u00e9 extremamente leve, facilitando o transporte e tornando-a perfeita para acompanhar suas aventuras na praia. O tecido em tela de PVC com poli\u00e9ster \u00e9 outro diferencial dessa cadeira, por ser tamb\u00e9m dur\u00e1vel e f\u00e1cil de limpar.As medidas da Cadeira de Praia Botafogo Copacabana BTF Reclin\u00e1vel Roxa s\u00e3o projetadas para proporcionar o m\u00e1ximo de conforto. Com uma largura de assento de 44,5cm, voc\u00ea ter\u00e1 espa\u00e7o de sobra para se acomodar e relaxar. A altura do assento em rela\u00e7\u00e3o ao ch\u00e3o \u00e9 de 28,5cm, oferecendo uma posi\u00e7\u00e3o confort\u00e1vel e facilitando o ato de sentar e levantar. J\u00e1 o encosto possui 70cm de altura, proporcionando suporte adequado para as costas. A Cadeira de Praia \u00e9 capaz de suportar at\u00e9 120Kg. Garanta agora mesmo a sua!<\/p>\n<h4>Aproveite e pesquise o pre\u00e7o deste produto em dezenas de lojas dos marketplaces abaixo:<\/h4>\n<p><a href=\"https:\/\/www.magazinevoce.com.br\/magazineezu\/busca\/Cadeira de Praia Botafogo Copacabana BTF Reclin\u00e1vel Roxa\/\" target=\"_blank\" rel=\"noopener\"><img decoding=\"async\" src=\"https:\/\/mvc.mlcdn.com.br\/ad\/2503_superofertas.png\" alt=\"Pesquise no Magazine eZu\" \/> &#8211; da Parceria MAGALU<\/a>.<\/p>\n<p>Ainda n\u00e3o encontrou a melhor op\u00e7\u00e3o de compra? Oferecemos mais uma possibilidade de <strong>busca<\/strong> mais ampla para <a href=\"https:\/\/ecompare.com.br\/lojas\/resultados-da-pesquisa\/?q=Cadeira de Praia Botafogo Copacabana BTF Reclin\u00e1vel Roxa#gsc.tab=0&amp;gsc.q=Cadeira de Praia Botafogo Copacabana BTF Reclin\u00e1vel Roxa&amp;gsc.page=1\" target=\"_blank\" rel=\"noopener\">Cadeira de Praia Botafogo Copacabana BTF Reclin\u00e1vel Roxa, clique e continue <strong>pesquisando&#8230;<\/strong><\/a><\/p>\n<hr \/>\n","protected":false},"excerpt":{"rendered":"<p>R$ 169.90 nas lojas <a href=\"https:\/\/www.awin1.com\/pclick.php?p=41388870146&#038;a=690303&#038;m=24620\" target=\"_blank\" rel=\"sponsored\">Le Biscuit BR<\/a><\/p>\n","protected":false},"author":1,"featured_media":0,"comment_status":"closed","ping_status":"closed","sticky":false,"template":"","format":"standard","meta":{"footnotes":""},"categories":[2],"tags":[31],"class_list":["post-57116","post","type-post","status-publish","format-standard","hentry","category-produtos","tag-le-biscuit-br"],"_links":{"self":[{"href":"https:\/\/jr1.com.br\/shopping\/wp-json\/wp\/v2\/posts\/57116","targetHints":{"allow":["GET"]}}],"collection":[{"href":"https:\/\/jr1.com.br\/shopping\/wp-json\/wp\/v2\/posts"}],"about":[{"href":"https:\/\/jr1.com.br\/shopping\/wp-json\/wp\/v2\/types\/post"}],"author":[{"embeddable":true,"href":"https:\/\/jr1.com.br\/shopping\/wp-json\/wp\/v2\/users\/1"}],"replies":[{"embeddable":true,"href":"https:\/\/jr1.com.br\/shopping\/wp-json\/wp\/v2\/comments?post=57116"}],"version-history":[{"count":0,"href":"https:\/\/jr1.com.br\/shopping\/wp-json\/wp\/v2\/posts\/57116\/revisions"}],"wp:attachment":[{"href":"https:\/\/jr1.com.br\/shopping\/wp-json\/wp\/v2\/media?parent=57116"}],"wp:term":[{"taxonomy":"category","embeddable":true,"href":"https:\/\/jr1.com.br\/shopping\/wp-json\/wp\/v2\/categories?post=57116"},{"taxonomy":"post_tag","embeddable":true,"href":"https:\/\/jr1.com.br\/shopping\/wp-json\/wp\/v2\/tags?post=57116"}],"curies":[{"name":"wp","href":"https:\/\/api.w.org\/{rel}","templated":true}]}}