{"id":71685,"date":"2026-03-20T22:20:16","date_gmt":"2026-03-20T22:20:16","guid":{"rendered":"https:\/\/jr1.com.br\/shopping\/2026\/03\/20\/panela-de-pressao-eletrica-electrolux\/"},"modified":"2026-03-20T22:20:16","modified_gmt":"2026-03-20T22:20:16","slug":"panela-de-pressao-eletrica-electrolux","status":"publish","type":"post","link":"https:\/\/jr1.com.br\/shopping\/2026\/03\/20\/panela-de-pressao-eletrica-electrolux\/","title":{"rendered":"Panela de Press\u00e3o El\u00e9trica Electrolux"},"content":{"rendered":"<h2>Eletroport\u00e1teis > Eletroport\u00e1teis para Cozinha > Panelas de Press\u00e3o El\u00e9tricas > Panelas El\u00e9tricas<\/h2>\n<h3>O pre\u00e7o de Panela de Press\u00e3o El\u00e9trica Electrolux no dia acima especificado era de <strong>R$ 699.99<\/strong>.<\/h3>\n<p>Confira o pre\u00e7o atual aqui: <a href=\"https:\/\/www.awin1.com\/pclick.php?p=36077648260&#038;a=690303&#038;m=17790\" rel=\"noopener sponsored\"><img decoding=\"async\" src=\"https:\/\/ui.awin.com\/images\/upload\/merchant\/profile\/17790.png\" alt=\"Panela de Press\u00e3o El\u00e9trica Electrolux\" \/> &#8211; nas lojas Camicado BR<\/a><\/p>\n<p><img decoding=\"async\" src=\"https:\/\/img.camicado.com.br\/item\/000000000000037865\/zoom\/1.jpg\" alt=\"Panela de Press\u00e3o El\u00e9trica Electrolux\" \/><br \/>\nA panela de press\u00e3o el\u00e9trica 6 litros \u00e9 ideal para preparar diversos tipos de alimentos, possui a fun\u00e7\u00e3o programar in\u00edcio a partir de 2 a 24 horas, 10 dispositivos de seguran\u00e7a para a sua tranquilidade, incluindo aviso sonoro na tampa. Facilita o seu dia a dia, preparando as refei\u00e7\u00f5es de forma pr\u00e1tica e \u00e1gil. A panela de press\u00e3o el\u00e9trica disp\u00f5e de display LED digital e program\u00e1vel. Durante o preparo de suas refei\u00e7\u00f5es, a panela \u00e9 silenciosa, prepara sem fazer ru\u00eddos. S\u00e3o 6 litros de capacidade para servir a fam\u00edlia inteira. Fa\u00e7a ajustes de intensidade da press\u00e3o para um cozimento perfeito com as fun\u00e7\u00f5es: Low, Medium e High. A panela possui seu interior, recipiente antiaderente e remov\u00edvel, que facilita a limpeza. Caracter\u00edsticas material: recipiente antiaderente e acabamento em a\u00e7o inoxid\u00e1vel escovado fun\u00e7\u00e3o programar at\u00e9 24 horas aviso sonoro display LED digital e program\u00e1vel Capacidade: 6 litros Pot\u00eancia: 1000W Voltagem: 127V Cont\u00e9m Panela de Press\u00e3o El\u00e9trica PCC20 Copo medidor, concha e esp\u00e1tula Garantia Manual de Instru\u00e7\u00f5es Guia de Assist\u00eancias Autorizadas Camicado, casa com seu estilo!<\/p>\n<h4>Aproveite e pesquise o pre\u00e7o deste produto em dezenas de lojas dos marketplaces abaixo:<\/h4>\n<p><a href=\"https:\/\/www.magazinevoce.com.br\/magazineezu\/busca\/Panela de Press\u00e3o El\u00e9trica Electrolux\/\" target=\"_blank\" rel=\"noopener\"><img decoding=\"async\" src=\"https:\/\/mvc.mlcdn.com.br\/ad\/2503_superofertas.png\" alt=\"Pesquise no Magazine eZu\" \/> &#8211; da Parceria MAGALU<\/a>.<\/p>\n<p>Ainda n\u00e3o encontrou a melhor op\u00e7\u00e3o de compra? Oferecemos mais uma possibilidade de <strong>busca<\/strong> mais ampla para <a href=\"https:\/\/ecompare.com.br\/lojas\/resultados-da-pesquisa\/?q=Panela de Press\u00e3o El\u00e9trica Electrolux#gsc.tab=0&amp;gsc.q=Panela de Press\u00e3o El\u00e9trica Electrolux&amp;gsc.page=1\" target=\"_blank\" rel=\"noopener\">Panela de Press\u00e3o El\u00e9trica Electrolux, clique e continue <strong>pesquisando&#8230;<\/strong><\/a><\/p>\n<hr \/>\n","protected":false},"excerpt":{"rendered":"<p>R$ 699.99 nas lojas <a href=\"https:\/\/www.awin1.com\/pclick.php?p=36077648260&#038;a=690303&#038;m=17790\" target=\"_blank\" rel=\"sponsored\">Camicado BR<\/a><\/p>\n","protected":false},"author":1,"featured_media":0,"comment_status":"closed","ping_status":"closed","sticky":false,"template":"","format":"standard","meta":{"footnotes":""},"categories":[2],"tags":[224,194],"class_list":["post-71685","post","type-post","status-publish","format-standard","hentry","category-produtos","tag-699-99","tag-camicado-br"],"_links":{"self":[{"href":"https:\/\/jr1.com.br\/shopping\/wp-json\/wp\/v2\/posts\/71685","targetHints":{"allow":["GET"]}}],"collection":[{"href":"https:\/\/jr1.com.br\/shopping\/wp-json\/wp\/v2\/posts"}],"about":[{"href":"https:\/\/jr1.com.br\/shopping\/wp-json\/wp\/v2\/types\/post"}],"author":[{"embeddable":true,"href":"https:\/\/jr1.com.br\/shopping\/wp-json\/wp\/v2\/users\/1"}],"replies":[{"embeddable":true,"href":"https:\/\/jr1.com.br\/shopping\/wp-json\/wp\/v2\/comments?post=71685"}],"version-history":[{"count":0,"href":"https:\/\/jr1.com.br\/shopping\/wp-json\/wp\/v2\/posts\/71685\/revisions"}],"wp:attachment":[{"href":"https:\/\/jr1.com.br\/shopping\/wp-json\/wp\/v2\/media?parent=71685"}],"wp:term":[{"taxonomy":"category","embeddable":true,"href":"https:\/\/jr1.com.br\/shopping\/wp-json\/wp\/v2\/categories?post=71685"},{"taxonomy":"post_tag","embeddable":true,"href":"https:\/\/jr1.com.br\/shopping\/wp-json\/wp\/v2\/tags?post=71685"}],"curies":[{"name":"wp","href":"https:\/\/api.w.org\/{rel}","templated":true}]}}