{"id":71872,"date":"2026-03-15T21:54:37","date_gmt":"2026-03-15T21:54:37","guid":{"rendered":"https:\/\/jr1.com.br\/shopping\/2026\/03\/26\/chaleira-eletrica-blackdecker\/"},"modified":"2026-04-20T21:41:01","modified_gmt":"2026-04-20T21:41:01","slug":"chaleira-eletrica-blackdecker","status":"publish","type":"post","link":"https:\/\/jr1.com.br\/shopping\/2026\/03\/15\/chaleira-eletrica-blackdecker\/","title":{"rendered":"Chaleira El\u00e9trica Black&#038;Decker"},"content":{"rendered":"<h2>Chaleiras El\u00e9tricas > Eletroport\u00e1teis > Eletroport\u00e1teis para Cozinha<\/h2>\n<h3>O pre\u00e7o de Chaleira El\u00e9trica Black&#038;Decker no dia acima especificado era de <strong>R$ 199.99<\/strong>.<\/h3>\n<p>Confira o pre\u00e7o atual aqui: <a href=\"https:\/\/www.awin1.com\/pclick.php?p=32468984981&#038;a=690303&#038;m=17790\" rel=\"noopener sponsored\"><img decoding=\"async\" src=\"https:\/\/ui.awin.com\/images\/upload\/merchant\/profile\/17790.png\" alt=\"Chaleira El\u00e9trica Black&#038;Decker\" \/> &#8211; nas lojas Camicado BR<\/a><\/p>\n<p><img decoding=\"async\" src=\"https:\/\/img.camicado.com.br\/item\/100006565\/zoom\/1.jpg\" alt=\"Chaleira El\u00e9trica Black&#038;Decker\" \/><br \/>\nA chaleira el\u00e9trica Controle de Temperatura&nbsp;prepara bebidas quentes na temperatura ideal, \u00e9 \u00f3timo para esquentar a \u00e1gua do caf\u00e9, ch\u00e1s, chimarr\u00e3o e tamb\u00e9m para acelerar o cozimento de alimentos, como arroz e legumes. A chaleira el\u00e9trica Oster \u00e9 moderna, toda produzida em pl\u00e1stico resistente que suporta o calor, com acabamento em a\u00e7o inox, alum\u00ednio e fio de cobre. Com capacidade de 2 litros, esta chaleira possui um seletor de temperaturas, fun\u00e7\u00e3o ideal para manter a \u00e1gua aquecida a 70\u00b0C. Caracter\u00edsticas &#8211; Pot\u00eancia 1850W &#8211; capacidade de 2 litros &#8211; Tampa com protetor para fechamento seguro &#8211; Bico facilitador para sa\u00edda da \u00e1gua &#8211; base de aquecimento com porta-fio &#8211; visor do n\u00edvel de \u00e1gua Camicado, casa com seu estilo!<\/p>\n<h4>Aproveite e pesquise o pre\u00e7o deste produto em dezenas de lojas dos marketplaces abaixo:<\/h4>\n<p><a href=\"https:\/\/www.magazinevoce.com.br\/magazineezu\/busca\/Chaleira El\u00e9trica Black&#038;Decker\/\" target=\"_blank\" rel=\"noopener\"><img decoding=\"async\" src=\"https:\/\/mvc.mlcdn.com.br\/ad\/2503_superofertas.png\" alt=\"Pesquise no Magazine eZu\" \/> &#8211; da Parceria MAGALU<\/a>.<\/p>\n<p>Ainda n\u00e3o encontrou a melhor op\u00e7\u00e3o de compra? Oferecemos mais uma possibilidade de <strong>busca<\/strong> mais ampla para <a href=\"https:\/\/ecompare.com.br\/lojas\/resultados-da-pesquisa\/?q=Chaleira El\u00e9trica Black&#038;Decker#gsc.tab=0&amp;gsc.q=Chaleira El\u00e9trica Black&#038;Decker&amp;gsc.page=1\" target=\"_blank\" rel=\"noopener\">Chaleira El\u00e9trica Black&#038;Decker, clique e continue <strong>pesquisando&#8230;<\/strong><\/a><\/p>\n<hr \/>\n","protected":false},"excerpt":{"rendered":"<p>R$ 199.99 nas lojas <a href=\"https:\/\/www.awin1.com\/pclick.php?p=32468984981&#038;a=690303&#038;m=17790\" target=\"_blank\" rel=\"sponsored\">Camicado BR<\/a><\/p>\n","protected":false},"author":1,"featured_media":0,"comment_status":"closed","ping_status":"closed","sticky":false,"template":"","format":"standard","meta":{"footnotes":""},"categories":[2],"tags":[219,194],"class_list":["post-71872","post","type-post","status-publish","format-standard","hentry","category-produtos","tag-199-99","tag-camicado-br"],"_links":{"self":[{"href":"https:\/\/jr1.com.br\/shopping\/wp-json\/wp\/v2\/posts\/71872","targetHints":{"allow":["GET"]}}],"collection":[{"href":"https:\/\/jr1.com.br\/shopping\/wp-json\/wp\/v2\/posts"}],"about":[{"href":"https:\/\/jr1.com.br\/shopping\/wp-json\/wp\/v2\/types\/post"}],"author":[{"embeddable":true,"href":"https:\/\/jr1.com.br\/shopping\/wp-json\/wp\/v2\/users\/1"}],"replies":[{"embeddable":true,"href":"https:\/\/jr1.com.br\/shopping\/wp-json\/wp\/v2\/comments?post=71872"}],"version-history":[{"count":1,"href":"https:\/\/jr1.com.br\/shopping\/wp-json\/wp\/v2\/posts\/71872\/revisions"}],"predecessor-version":[{"id":71873,"href":"https:\/\/jr1.com.br\/shopping\/wp-json\/wp\/v2\/posts\/71872\/revisions\/71873"}],"wp:attachment":[{"href":"https:\/\/jr1.com.br\/shopping\/wp-json\/wp\/v2\/media?parent=71872"}],"wp:term":[{"taxonomy":"category","embeddable":true,"href":"https:\/\/jr1.com.br\/shopping\/wp-json\/wp\/v2\/categories?post=71872"},{"taxonomy":"post_tag","embeddable":true,"href":"https:\/\/jr1.com.br\/shopping\/wp-json\/wp\/v2\/tags?post=71872"}],"curies":[{"name":"wp","href":"https:\/\/api.w.org\/{rel}","templated":true}]}}