{"id":73641,"date":"2026-03-07T15:10:42","date_gmt":"2026-03-07T15:10:42","guid":{"rendered":"https:\/\/jr1.com.br\/shopping\/2026\/03\/07\/bicama-solteiro-infantil-reversivel-c-grade-e-telhado-casinha-garden-casatema\/"},"modified":"2026-03-07T15:10:42","modified_gmt":"2026-03-07T15:10:42","slug":"bicama-solteiro-infantil-reversivel-c-grade-e-telhado-casinha-garden-casatema","status":"publish","type":"post","link":"https:\/\/jr1.com.br\/shopping\/2026\/03\/07\/bicama-solteiro-infantil-reversivel-c-grade-e-telhado-casinha-garden-casatema\/","title":{"rendered":"Bicama Solteiro Infantil Revers\u00edvel c\/Grade e Telhado Casinha Garden &#8211; Casatema"},"content":{"rendered":"<h2><\/h2>\n<h3>O pre\u00e7o de Bicama Solteiro Infantil Revers\u00edvel c\/Grade e Telhado Casinha Garden &#8211; Casatema no dia acima especificado era de <strong>R$ 1842.96<\/strong>.<\/h3>\n<p>Confira o pre\u00e7o atual aqui: <a href=\"https:\/\/www.awin1.com\/pclick.php?p=38605492703&#038;a=690303&#038;m=100453\" rel=\"noopener sponsored\"><img decoding=\"async\" src=\"https:\/\/ui.awin.com\/images\/upload\/merchant\/profile\/100453.png\" alt=\"Bicama Solteiro Infantil Revers\u00edvel c\/Grade e Telhado Casinha Garden - Casatema\" \/> &#8211; nas lojas Casa Tema BR<\/a><\/p>\n<p><img decoding=\"async\" src=\"https:\/\/casatema.vteximg.com.br\/arquivos\/ids\/754544_2\" alt=\"Bicama Solteiro Infantil Revers\u00edvel c\/Grade e Telhado Casinha Garden - Casatema\" \/><br \/>\nBicama Infantil Revers\u00edvel c\/Grade e Telhado Casinha Garden &#8211; CasatemaA Bicama Casinha Garden torna o ambiente do quarto mais divertido e aconchegante onde acomoda de forma organizada 2 crian\u00e7as. Material &#8211; Estrutura toda em madeira maci\u00e7a clear, ou seja, madeira selecionada e sem n\u00f3s, real\u00e7ando a beleza do produto. As partes fechadas como cabeceira e peseira, s\u00e3o em MDF laqueado com pintura em Laca Premium, dando aquele toque macio no produto.Projeto &#8211; A cama conta com dupla fura\u00e7\u00e3o nos p\u00e9s, o que permite sua montagem no estilo montessoriano ou como uma cama tradicional. Conta com 1 grade de prote\u00e7\u00e3o em forma de X, proporcionando brincadeiras que estimulam a autonomia e noites segura. Tem um telhado charmoso que \u00e9 poss\u00edvel coloca em tr\u00eas posi\u00e7\u00f5es, lateral esquerda, direita e centro.Pensando na seguran\u00e7a da crian\u00e7a, h\u00e1 uma barra de madeira para dar maior estabilidade a cama. A cama auxiliar \u00e9 leve, de f\u00e1cil manuseio, o que facilita no momento de retirar e recolher. Uma pe\u00e7a ideal para trazer o l\u00fadico, a divers\u00e3o e a seguran\u00e7a para os dias e noites das crian\u00e7as.Longevidade &#8211; Esse m\u00f3vel poder\u00e1 acompanhar as diferentes fases da crian\u00e7a, iniciando na inf\u00e2ncia e passando pela juvenil. A dupla fura\u00e7\u00e3o \u00e9 um grande diferencial, j\u00e1 que o m\u00f3vel permite mudan\u00e7a de configura\u00e7\u00e3o estrutural a qualquer momento, conforme a crian\u00e7a for crescendo, n\u00e3o ser\u00e1 preciso fazer a troca por um novo produto. As grades podem ser retiradas e a Cama passa a ter um estilo neutro, clean, por\u00e9m com grande design e estilo.MadeiraUma op\u00e7\u00e3o excelente para quem procura m\u00f3veis atraentes, requintados, \u00fanicos e com sofistica\u00e7\u00e3o. Esse tipo de m\u00f3vel \u00e9 sin\u00f4nimo de qualidade e longa vida \u00fatil e, em um momento em que a sustentabilidade est\u00e1 em pauta, os m\u00f3veis de madeira maci\u00e7a podem ser uma boa alternativa ecol\u00f3gica, devido ao seu bom manejo e o benef\u00edcio da reutiliza\u00e7\u00e3o. Assim, al\u00e9m de economia e exclusividade na decora\u00e7\u00e3o, um ambiente decorado com m\u00f3veis de madeira maci\u00e7a \u00e9, tamb\u00e9m, sin\u00f4nimo de cuidado com o meio ambiente. A madeira maci\u00e7a oferece mais resist\u00eancia ao desgaste natural do tempo e maior durabilidade, por causa de suas caracter\u00edsticas naturais e maior resist\u00eancia \u00e0 \u00e1gua do que m\u00f3veis em MDP, ou m\u00f3veis em MDF.Seguran\u00e7aSabemos que n\u00e3o da pra brincar com a seguran\u00e7a das crian\u00e7as, ainda mais na hora do sono, e pra manter a crian\u00e7a mais confort\u00e1vel nessa hora chegou a Grade de Prote\u00e7\u00e3o Casatema, toda em madeira maci\u00e7a que d\u00e1 durabilidade ao produto. Garantia 6 meses &#8211; exclusiva para produtos da marca Casatema:Nos comprometemos a dar garantia sem custos adicionais nas pe\u00e7as ou produtos que apresentarem defeito de fabrica\u00e7\u00e3o, desde que sejam utilizados de acordo com o manual de instru\u00e7\u00f5es. A garantia n\u00e3o vale para casos em que se estiver caracterizado o mau uso do produto.Caracter\u00edsticas:- Branco\/Natural- Estrutura: Madeira Maci\u00e7a\/MDF- Acabamento: Madeira Natural e MDF em Laca branco- 1 Cama &#8211; Para colch\u00e3o de 188&#215;88 cm (n\u00e3o incluso). Vendido separadamente.- 1 Cama Auxiliar- Para colch\u00e3o de 78x188x14 cm (n\u00e3o incluso). Vendido separadamente.- P\u00e9s com dupla fura\u00e7\u00e3o, permitindo a transforma\u00e7\u00e3o da cama solteiro em montessoriano.- Pain\u00e9is na Cabeceira e Laterais- 1 Grade de Prote\u00e7\u00e3o X- 1 Telhado &#8211; Peso Suportado Cama Solteiro e Auxiliar &#8211; 100kg- Produto segue desmontado.Dimens\u00f5es da Cama:Altura: 185,8 cmLargura: 195,9 cmProfundidade: 95 cmPeso: 35,4 KgDimens\u00f5es da Cama Auxiliar:Peso: 13 kg. Altura: 21 cm \/ 11,50 cm (traseira)Comprimento: 188 cmLargura: 85,3 cmDimens\u00f5es da Grade:Altura: 39,7 cmLargura: 50 cmProfundidade: 3,5 cmPeso: 2 KgDimens\u00f5es Telhado:Altura: 3 cmLargura: 96 cmProfundidade: 71 cmPeso: 10 KgProduto segue Montado.Outras Informa\u00e7\u00f5es:- A Montagem n\u00e3o est\u00e1 inclusa ao produto. &#8211; Os objetos que ambientam as fotos n\u00e3o acompanham o produto.- Imagens meramente ilustrativas. Cores e tonalidades podem variar.- Antes de comprar o seu produto verifique as medidas, o local onde pretende instalar e se \u00e9 necess\u00e1rio contratar o servi\u00e7o de um profissional qualificado.- O conjunto n\u00e3o pode ficar exposto ao Sol, Chuva e Chuviscos. Evitar deixar em ambientes externos mesmo com coberturas (risco a danifica\u00e7\u00e3o).- Na limpeza n\u00e3o utilizar produtos qu\u00edmicos e abrasivos, usar apenas um pano umedecido, para garantir a maior durabilidade do m\u00f3vel.Sobre a Marca Casatema:Comprometida em oferecer sempre as melhores solu\u00e7\u00f5es para o seu lar, a Casatema \u00e9 uma empresa s\u00f3lida que busca desenvolver produtos e solu\u00e7\u00f5es exclusivas para tornar sua vida mais agrad\u00e1vel. A qualidade de seus produtos somada ao atendimento diferenciado garante a tranquilidade e seguran\u00e7a que s\u00f3 a Casatema oferece.<\/p>\n<h4>Aproveite e pesquise o pre\u00e7o deste produto em dezenas de lojas dos marketplaces abaixo:<\/h4>\n<p><a href=\"https:\/\/www.magazinevoce.com.br\/magazineezu\/busca\/Bicama Solteiro Infantil Revers\u00edvel c\/Grade e Telhado Casinha Garden - Casatema\/\" target=\"_blank\" rel=\"noopener\"><img decoding=\"async\" src=\"https:\/\/mvc.mlcdn.com.br\/ad\/2503_superofertas.png\" alt=\"Pesquise no Magazine eZu\" \/> &#8211; da Parceria MAGALU<\/a>.<\/p>\n<p>Ainda n\u00e3o encontrou a melhor op\u00e7\u00e3o de compra? Oferecemos mais uma possibilidade de <strong>busca<\/strong> mais ampla para <a href=\"https:\/\/ecompare.com.br\/lojas\/resultados-da-pesquisa\/?q=Bicama Solteiro Infantil Revers\u00edvel c\/Grade e Telhado Casinha Garden - Casatema#gsc.tab=0&amp;gsc.q=Bicama Solteiro Infantil Revers\u00edvel c\/Grade e Telhado Casinha Garden - Casatema&amp;gsc.page=1\" target=\"_blank\" rel=\"noopener\">Bicama Solteiro Infantil Revers\u00edvel c\/Grade e Telhado Casinha Garden &#8211; Casatema, clique e continue <strong>pesquisando&#8230;<\/strong><\/a><\/p>\n<hr \/>\n","protected":false},"excerpt":{"rendered":"<p>R$ 1842.96 nas lojas <a href=\"https:\/\/www.awin1.com\/pclick.php?p=38605492703&#038;a=690303&#038;m=100453\" target=\"_blank\" rel=\"sponsored\">Casa Tema BR<\/a><\/p>\n","protected":false},"author":1,"featured_media":0,"comment_status":"closed","ping_status":"closed","sticky":false,"template":"","format":"standard","meta":{"footnotes":""},"categories":[2],"tags":[291,21],"class_list":["post-73641","post","type-post","status-publish","format-standard","hentry","category-produtos","tag-1842-96","tag-casa-tema-br"],"_links":{"self":[{"href":"https:\/\/jr1.com.br\/shopping\/wp-json\/wp\/v2\/posts\/73641","targetHints":{"allow":["GET"]}}],"collection":[{"href":"https:\/\/jr1.com.br\/shopping\/wp-json\/wp\/v2\/posts"}],"about":[{"href":"https:\/\/jr1.com.br\/shopping\/wp-json\/wp\/v2\/types\/post"}],"author":[{"embeddable":true,"href":"https:\/\/jr1.com.br\/shopping\/wp-json\/wp\/v2\/users\/1"}],"replies":[{"embeddable":true,"href":"https:\/\/jr1.com.br\/shopping\/wp-json\/wp\/v2\/comments?post=73641"}],"version-history":[{"count":0,"href":"https:\/\/jr1.com.br\/shopping\/wp-json\/wp\/v2\/posts\/73641\/revisions"}],"wp:attachment":[{"href":"https:\/\/jr1.com.br\/shopping\/wp-json\/wp\/v2\/media?parent=73641"}],"wp:term":[{"taxonomy":"category","embeddable":true,"href":"https:\/\/jr1.com.br\/shopping\/wp-json\/wp\/v2\/categories?post=73641"},{"taxonomy":"post_tag","embeddable":true,"href":"https:\/\/jr1.com.br\/shopping\/wp-json\/wp\/v2\/tags?post=73641"}],"curies":[{"name":"wp","href":"https:\/\/api.w.org\/{rel}","templated":true}]}}