{"id":73681,"date":"2026-03-25T07:21:56","date_gmt":"2026-03-25T07:21:56","guid":{"rendered":"https:\/\/jr1.com.br\/shopping\/2026\/03\/25\/mesa-lateral-infantil-cancao-de-ninar-branco\/"},"modified":"2026-03-25T07:21:56","modified_gmt":"2026-03-25T07:21:56","slug":"mesa-lateral-infantil-cancao-de-ninar-branco","status":"publish","type":"post","link":"https:\/\/jr1.com.br\/shopping\/2026\/03\/25\/mesa-lateral-infantil-cancao-de-ninar-branco\/","title":{"rendered":"Mesa Lateral Infantil Can\u00e7\u00e3o de Ninar &#8211; Branco"},"content":{"rendered":"<h2><\/h2>\n<h3>O pre\u00e7o de Mesa Lateral Infantil Can\u00e7\u00e3o de Ninar &#8211; Branco no dia acima especificado era de <strong>R$ 260.36<\/strong>.<\/h3>\n<p>Confira o pre\u00e7o atual aqui: <a href=\"https:\/\/www.awin1.com\/pclick.php?p=38605497442&#038;a=690303&#038;m=100453\" rel=\"noopener sponsored\"><img decoding=\"async\" src=\"https:\/\/ui.awin.com\/images\/upload\/merchant\/profile\/100453.png\" alt=\"Mesa Lateral Infantil Can\u00e7\u00e3o de Ninar - Branco\" \/> &#8211; nas lojas Casa Tema BR<\/a><\/p>\n<p><img decoding=\"async\" src=\"https:\/\/casatema.vteximg.com.br\/arquivos\/ids\/807797_2\" alt=\"Mesa Lateral Infantil Can\u00e7\u00e3o de Ninar - Branco\" \/><br \/>\nMesa Lateral Infantil Can\u00e7\u00e3o de Ninar &#8211; BrancoA Mesa Can\u00e7\u00e3o de Ninar ser\u00e1 muito \u00fatil no quarto do seu beb\u00ea para auxiliar na organiza\u00e7\u00e3o de objetos e para decorar. Sua estrutura \u00e9 em MDF, dando maior durabilidade ao produto.MDFTrata-se de um painel de madeira reconstitu\u00edda, produzido por meio da aglutina\u00e7\u00e3o de fibras de madeira com resinas sint\u00e9ticas e aditivos. As placas de madeira s\u00e3o coladas umas sobre as outras com resina, e fixadas atrav\u00e9s de press\u00e3o. Empregado em partes aparentes dos m\u00f3veis, onde ser\u00e3o aplicados acabamentos. Uma madeira que permite mais criatividade no design dos m\u00f3veis, por isso, \u00e9 indicada em pe\u00e7as que ter\u00e3o partes arredondadas e contornos. O material tamb\u00e9m \u00e9 recomendado em casos de usinagem em baixo relevo e entalhamento.Garantia:1 ano para defeito de fabrica\u00e7\u00e3o.Caracter\u00edsticas:- Branco- Estrutura: MDF- Acabamento: Pintura Laca UV\/PU- Peso suportado: 5 kg- M\u00f3vel entregue desmontado- Marca : DivicarDimens\u00f5esPeso: 4 KgAltura: 62 cmLargura: 45 cmComprimento: 45 cmOutras Informa\u00e7\u00f5es- Montagem n\u00e3o inclusa.- Na limpeza n\u00e3o utilizar produtos qu\u00edmicos e abrasivos, usar apenas um pano umedecido, para garantir a maior durabilidade do m\u00f3vel.- Os objetos que ambientam as fotos n\u00e3o acompanham o produto.- Imagens meramente ilustrativas. Cores e tonalidades podem variar.- Antes de comprar o seu produto verifique as medidas, o local onde pretende instalar e se \u00e9 necess\u00e1rio contratar o servi\u00e7o de um profissional qualificado.<\/p>\n<h4>Aproveite e pesquise o pre\u00e7o deste produto em dezenas de lojas dos marketplaces abaixo:<\/h4>\n<p><a href=\"https:\/\/www.magazinevoce.com.br\/magazineezu\/busca\/Mesa Lateral Infantil Can\u00e7\u00e3o de Ninar - Branco\/\" target=\"_blank\" rel=\"noopener\"><img decoding=\"async\" src=\"https:\/\/mvc.mlcdn.com.br\/ad\/2503_superofertas.png\" alt=\"Pesquise no Magazine eZu\" \/> &#8211; da Parceria MAGALU<\/a>.<\/p>\n<p>Ainda n\u00e3o encontrou a melhor op\u00e7\u00e3o de compra? Oferecemos mais uma possibilidade de <strong>busca<\/strong> mais ampla para <a href=\"https:\/\/ecompare.com.br\/lojas\/resultados-da-pesquisa\/?q=Mesa Lateral Infantil Can\u00e7\u00e3o de Ninar - Branco#gsc.tab=0&amp;gsc.q=Mesa Lateral Infantil Can\u00e7\u00e3o de Ninar - Branco&amp;gsc.page=1\" target=\"_blank\" rel=\"noopener\">Mesa Lateral Infantil Can\u00e7\u00e3o de Ninar &#8211; Branco, clique e continue <strong>pesquisando&#8230;<\/strong><\/a><\/p>\n<hr \/>\n","protected":false},"excerpt":{"rendered":"<p>R$ 260.36 nas lojas <a href=\"https:\/\/www.awin1.com\/pclick.php?p=38605497442&#038;a=690303&#038;m=100453\" target=\"_blank\" rel=\"sponsored\">Casa Tema BR<\/a><\/p>\n","protected":false},"author":1,"featured_media":0,"comment_status":"closed","ping_status":"closed","sticky":false,"template":"","format":"standard","meta":{"footnotes":""},"categories":[2],"tags":[304,21],"class_list":["post-73681","post","type-post","status-publish","format-standard","hentry","category-produtos","tag-260-36","tag-casa-tema-br"],"_links":{"self":[{"href":"https:\/\/jr1.com.br\/shopping\/wp-json\/wp\/v2\/posts\/73681","targetHints":{"allow":["GET"]}}],"collection":[{"href":"https:\/\/jr1.com.br\/shopping\/wp-json\/wp\/v2\/posts"}],"about":[{"href":"https:\/\/jr1.com.br\/shopping\/wp-json\/wp\/v2\/types\/post"}],"author":[{"embeddable":true,"href":"https:\/\/jr1.com.br\/shopping\/wp-json\/wp\/v2\/users\/1"}],"replies":[{"embeddable":true,"href":"https:\/\/jr1.com.br\/shopping\/wp-json\/wp\/v2\/comments?post=73681"}],"version-history":[{"count":0,"href":"https:\/\/jr1.com.br\/shopping\/wp-json\/wp\/v2\/posts\/73681\/revisions"}],"wp:attachment":[{"href":"https:\/\/jr1.com.br\/shopping\/wp-json\/wp\/v2\/media?parent=73681"}],"wp:term":[{"taxonomy":"category","embeddable":true,"href":"https:\/\/jr1.com.br\/shopping\/wp-json\/wp\/v2\/categories?post=73681"},{"taxonomy":"post_tag","embeddable":true,"href":"https:\/\/jr1.com.br\/shopping\/wp-json\/wp\/v2\/tags?post=73681"}],"curies":[{"name":"wp","href":"https:\/\/api.w.org\/{rel}","templated":true}]}}