{"id":73738,"date":"2026-03-20T20:27:42","date_gmt":"2026-03-20T20:27:42","guid":{"rendered":"https:\/\/jr1.com.br\/shopping\/2026\/03\/20\/cristaleira-retro-1-porta-de-vidro-incolor-e-2-prateleiras-branco\/"},"modified":"2026-03-20T20:27:42","modified_gmt":"2026-03-20T20:27:42","slug":"cristaleira-retro-1-porta-de-vidro-incolor-e-2-prateleiras-branco","status":"publish","type":"post","link":"https:\/\/jr1.com.br\/shopping\/2026\/03\/20\/cristaleira-retro-1-porta-de-vidro-incolor-e-2-prateleiras-branco\/","title":{"rendered":"Cristaleira Retr\u00f4 1 Porta de Vidro Incolor e 2 Prateleiras &#8211; Branco"},"content":{"rendered":"<h2><\/h2>\n<h3>O pre\u00e7o de Cristaleira Retr\u00f4 1 Porta de Vidro Incolor e 2 Prateleiras &#8211; Branco no dia acima especificado era de <strong>R$ 408.41<\/strong>.<\/h3>\n<p>Confira o pre\u00e7o atual aqui: <a href=\"https:\/\/www.awin1.com\/pclick.php?p=38605492474&#038;a=690303&#038;m=100453\" rel=\"noopener sponsored\"><img decoding=\"async\" src=\"https:\/\/ui.awin.com\/images\/upload\/merchant\/profile\/100453.png\" alt=\"Cristaleira Retr\u00f4 1 Porta de Vidro Incolor e 2 Prateleiras - Branco\" \/> &#8211; nas lojas Casa Tema BR<\/a><\/p>\n<p><img decoding=\"async\" src=\"https:\/\/casatema.vteximg.com.br\/arquivos\/ids\/752127_2\" alt=\"Cristaleira Retr\u00f4 1 Porta de Vidro Incolor e 2 Prateleiras - Branco\" \/><br \/>\nCristaleira Retr\u00f4 1 Porta de Vidro Incolor &#8211; M\u00f3vel Bento Sua sala de jantar \u00e9 pequena, mas voc\u00ea gostaria de uma cristaleira para expor todas as ta\u00e7as? A Cristaleira Retr\u00f4 1 Porta de Vidro \u00e9 ideal para o seu ambiente. De estrutura baixa, estreita e moderna, com a capacidade interna para ta\u00e7as, bebidas e utens\u00edlios de servir. Com 2 portas, sendo 1 de vidro e 2 prateleiras formando 3 nichos. Toda em MDP, acabamento UV e puxadores em ABS.MDP Formado por tr\u00eas camadas de part\u00edculas de madeira, uma mais grossa no meio e duas finas nas superf\u00edcies. Esse tipo de composi\u00e7\u00e3o faz com que o produto tenha uma maior resist\u00eancia estrutural, fazendo com que aguente mais peso, apesar de ser mais leve que o MDF. J\u00e1 o MDP \u00e9 mais utilizado em m\u00f3veis de espessura grossa, pois ele \u00e9 mais leve e tem uma boa estrutura, aguentando mais peso. Outra vantagem \u00e9 que ele \u00e9 mais resistente \u00e0 umidade.Garantia 03 Meses para defeito de fabrica\u00e7\u00e3o de F\u00e1bricaCaracter\u00edsticas &#8211; Cor: Branco.- Estrutura: MDP.- Acabamento: UV.- 1 Porta de vidro.- 1 Porta em MDP.- 2 Prateleiras.- 2 Puxadores em ABS.- 4 P\u00e9s em pl\u00e1sticos.- Peso suportado: 30 kg.- Marca M\u00f3vel Bento.Dimens\u00f5esPeso: 26 Kg.Altura: 180 cmLargura: 40 cmProfundidade: 40 cmImportante- A montagem n\u00e3o inclusa. &#8211; Na limpeza n\u00e3o utilizar produtos qu\u00edmicos e abrasivos, usar apenas um pano levemente umedecido e secar, com pano seco para garantir maior durabilidade da pe\u00e7a.- Os objetos que ambientam as fotos n\u00e3o acompanham o produto.- Imagens meramente ilustrativas. Cores e tonalidades podem variar.- Antes de comprar o seu produto verifique as medidas, o local onde pretende instalar e se \u00e9 necess\u00e1rio contratar o servi\u00e7o de um profissional qualificado.<\/p>\n<h4>Aproveite e pesquise o pre\u00e7o deste produto em dezenas de lojas dos marketplaces abaixo:<\/h4>\n<p><a href=\"https:\/\/www.magazinevoce.com.br\/magazineezu\/busca\/Cristaleira Retr\u00f4 1 Porta de Vidro Incolor e 2 Prateleiras - Branco\/\" target=\"_blank\" rel=\"noopener\"><img decoding=\"async\" src=\"https:\/\/mvc.mlcdn.com.br\/ad\/2503_superofertas.png\" alt=\"Pesquise no Magazine eZu\" \/> &#8211; da Parceria MAGALU<\/a>.<\/p>\n<p>Ainda n\u00e3o encontrou a melhor op\u00e7\u00e3o de compra? Oferecemos mais uma possibilidade de <strong>busca<\/strong> mais ampla para <a href=\"https:\/\/ecompare.com.br\/lojas\/resultados-da-pesquisa\/?q=Cristaleira Retr\u00f4 1 Porta de Vidro Incolor e 2 Prateleiras - Branco#gsc.tab=0&amp;gsc.q=Cristaleira Retr\u00f4 1 Porta de Vidro Incolor e 2 Prateleiras - Branco&amp;gsc.page=1\" target=\"_blank\" rel=\"noopener\">Cristaleira Retr\u00f4 1 Porta de Vidro Incolor e 2 Prateleiras &#8211; Branco, clique e continue <strong>pesquisando&#8230;<\/strong><\/a><\/p>\n<hr \/>\n","protected":false},"excerpt":{"rendered":"<p>R$ 408.41 nas lojas <a href=\"https:\/\/www.awin1.com\/pclick.php?p=38605492474&#038;a=690303&#038;m=100453\" target=\"_blank\" rel=\"sponsored\">Casa Tema BR<\/a><\/p>\n","protected":false},"author":1,"featured_media":0,"comment_status":"closed","ping_status":"closed","sticky":false,"template":"","format":"standard","meta":{"footnotes":""},"categories":[2],"tags":[321,21],"class_list":["post-73738","post","type-post","status-publish","format-standard","hentry","category-produtos","tag-408-41","tag-casa-tema-br"],"_links":{"self":[{"href":"https:\/\/jr1.com.br\/shopping\/wp-json\/wp\/v2\/posts\/73738","targetHints":{"allow":["GET"]}}],"collection":[{"href":"https:\/\/jr1.com.br\/shopping\/wp-json\/wp\/v2\/posts"}],"about":[{"href":"https:\/\/jr1.com.br\/shopping\/wp-json\/wp\/v2\/types\/post"}],"author":[{"embeddable":true,"href":"https:\/\/jr1.com.br\/shopping\/wp-json\/wp\/v2\/users\/1"}],"replies":[{"embeddable":true,"href":"https:\/\/jr1.com.br\/shopping\/wp-json\/wp\/v2\/comments?post=73738"}],"version-history":[{"count":0,"href":"https:\/\/jr1.com.br\/shopping\/wp-json\/wp\/v2\/posts\/73738\/revisions"}],"wp:attachment":[{"href":"https:\/\/jr1.com.br\/shopping\/wp-json\/wp\/v2\/media?parent=73738"}],"wp:term":[{"taxonomy":"category","embeddable":true,"href":"https:\/\/jr1.com.br\/shopping\/wp-json\/wp\/v2\/categories?post=73738"},{"taxonomy":"post_tag","embeddable":true,"href":"https:\/\/jr1.com.br\/shopping\/wp-json\/wp\/v2\/tags?post=73738"}],"curies":[{"name":"wp","href":"https:\/\/api.w.org\/{rel}","templated":true}]}}