{"id":73785,"date":"2026-03-19T04:12:45","date_gmt":"2026-03-19T04:12:45","guid":{"rendered":"https:\/\/jr1.com.br\/shopping\/2026\/03\/19\/armario-organizador-e-sapateira-limeira-estrutura-baixa-branco-brilho\/"},"modified":"2026-03-19T04:12:45","modified_gmt":"2026-03-19T04:12:45","slug":"armario-organizador-e-sapateira-limeira-estrutura-baixa-branco-brilho","status":"publish","type":"post","link":"https:\/\/jr1.com.br\/shopping\/2026\/03\/19\/armario-organizador-e-sapateira-limeira-estrutura-baixa-branco-brilho\/","title":{"rendered":"Arm\u00e1rio Organizador e Sapateira Limeira Estrutura Baixa &#8211; Branco Brilho"},"content":{"rendered":"<h2><\/h2>\n<h3>O pre\u00e7o de Arm\u00e1rio Organizador e Sapateira Limeira Estrutura Baixa &#8211; Branco Brilho no dia acima especificado era de <strong>R$ 306.30<\/strong>.<\/h3>\n<p>Confira o pre\u00e7o atual aqui: <a href=\"https:\/\/www.awin1.com\/pclick.php?p=38605492323&#038;a=690303&#038;m=100453\" rel=\"noopener sponsored\"><img decoding=\"async\" src=\"https:\/\/ui.awin.com\/images\/upload\/merchant\/profile\/100453.png\" alt=\"Arm\u00e1rio Organizador e Sapateira Limeira Estrutura Baixa - Branco Brilho\" \/> &#8211; nas lojas Casa Tema BR<\/a><\/p>\n<p><img decoding=\"async\" src=\"https:\/\/casatema.vteximg.com.br\/arquivos\/ids\/709552_2\" alt=\"Arm\u00e1rio Organizador e Sapateira Limeira Estrutura Baixa - Branco Brilho\" \/><br \/>\nArm\u00e1rio Organizador e Sapateira Limeira Estrutura Baixa &#8211; Branco Brilho J\u00e1 pensou em ter um m\u00f3vel bonito, organizador e que caiba em um espa\u00e7o pequeno? Que tal ter aquele arm\u00e1rio, de v\u00e1rias fun\u00e7\u00f5es, onde seja poss\u00edvel guardar livros, acess\u00f3rios, documentos, e alguns sapatos? Para isso, temos para voc\u00ea o Arm\u00e1rio Limeira em estrutura baixa. Um m\u00f3vel de uma versatilidade incr\u00edvel! A sua capacidade de armazenamento est\u00e1 distribu\u00edda em 5 prateleiras, com capacidade de at\u00e9 10 kg para cada compartimento, sendo poss\u00edvel guardar aproximadamente 15 sapatos, ou in\u00fameros objetos. Uma solu\u00e7\u00e3o harmoniosa e inteligente para organizar o seu quarto, escrit\u00f3rio ou cl\u00ednica! Essa pe\u00e7a \u00e9 de f\u00e1cil locomo\u00e7\u00e3o, pois seus p\u00e9s s\u00e3o em 4 rod\u00edzios, voc\u00ea poder\u00e1 moviment\u00e1-lo da forma que desejar. O grande diferencial desse m\u00f3vel, al\u00e9m da sua beleza e utilidade, \u00e9 praticidade da montagem, com v\u00eddeos para serem acompanhados, passo a passo, e auxiliar o seu trabalho. MDP Painel de madeira formado por part\u00edculas de madeira de m\u00e9dia densidade, \u00e9 tamb\u00e9m o mais consumido no mundo. \u00c9 produzido em prensas cont\u00ednuas de \u00faltima gera\u00e7\u00e3o, sendo um dos produtos mais tecnol\u00f3gicos e econ\u00f4micos para produ\u00e7\u00e3o de m\u00f3veis de linhas retas ou que precisam receber pinturas e revestimentos de qualquer material. Apresenta excelente resultado em m\u00f3veis para dormit\u00f3rios, escrit\u00f3rios, cozinhas, pain\u00e9is para decora\u00e7\u00e3o, prateleiras, tampos e base superior\/inferior. Com o manuseio correto e dispositivos de montagem, \u201cpode ser montado e desmontado quantas vezes for necess\u00e1rio. Garantia 3 meses de f\u00e1brica Caracter\u00edsticas &#8211; Branco &#8211; MDP &#8211; Acabamento UV TEX &#8211; Estrutura Baixa &#8211; 5 prateleiras com alturas distintas e capacidade de at\u00e9 10 kg &#8211; 2 portas &#8211; 4 p\u00e9s de rod\u00edzios pl\u00e1sticos &#8211; 2 puxadores pl\u00e1sticos &#8211; Capacidade aproximada de 15 pares de sapatos. Isso ir\u00e1 depender do tamanho do cal\u00e7ado \u00e0 ser armazenado &#8211; M\u00f3vel desmontado &#8211; Manual de montagem e Kit de ferragem Dimens\u00f5es: Peso: 24,44 Kg Altura: 98,8 cm Largura: 59,6 cm Comprimento: 41,5 cm Informa\u00e7\u00f5es Gerais &#8211; Na limpeza n\u00e3o utilizar produtos qu\u00edmicos e abrasivos, usar apenas um pano umedecido, para garantir a maior durabilidade do m\u00f3vel &#8211; Os objetos que ambientam as fotos n\u00e3o acompanham o produto &#8211; Imagens meramente ilustrativas. Cores e tonalidades podem variar &#8211; Antes de comprar o seu produto verifique as medidas, o local onde pretende instalar e se \u00e9 necess\u00e1rio contratar o servi\u00e7o de um profissional qualificado<\/p>\n<h4>Aproveite e pesquise o pre\u00e7o deste produto em dezenas de lojas dos marketplaces abaixo:<\/h4>\n<p><a href=\"https:\/\/www.magazinevoce.com.br\/magazineezu\/busca\/Arm\u00e1rio Organizador e Sapateira Limeira Estrutura Baixa - Branco Brilho\/\" target=\"_blank\" rel=\"noopener\"><img decoding=\"async\" src=\"https:\/\/mvc.mlcdn.com.br\/ad\/2503_superofertas.png\" alt=\"Pesquise no Magazine eZu\" \/> &#8211; da Parceria MAGALU<\/a>.<\/p>\n<p>Ainda n\u00e3o encontrou a melhor op\u00e7\u00e3o de compra? Oferecemos mais uma possibilidade de <strong>busca<\/strong> mais ampla para <a href=\"https:\/\/ecompare.com.br\/lojas\/resultados-da-pesquisa\/?q=Arm\u00e1rio Organizador e Sapateira Limeira Estrutura Baixa - Branco Brilho#gsc.tab=0&amp;gsc.q=Arm\u00e1rio Organizador e Sapateira Limeira Estrutura Baixa - Branco Brilho&amp;gsc.page=1\" target=\"_blank\" rel=\"noopener\">Arm\u00e1rio Organizador e Sapateira Limeira Estrutura Baixa &#8211; Branco Brilho, clique e continue <strong>pesquisando&#8230;<\/strong><\/a><\/p>\n<hr \/>\n","protected":false},"excerpt":{"rendered":"<p>R$ 306.30 nas lojas <a href=\"https:\/\/www.awin1.com\/pclick.php?p=38605492323&#038;a=690303&#038;m=100453\" target=\"_blank\" rel=\"sponsored\">Casa Tema BR<\/a><\/p>\n","protected":false},"author":1,"featured_media":0,"comment_status":"closed","ping_status":"closed","sticky":false,"template":"","format":"standard","meta":{"footnotes":""},"categories":[2],"tags":[273,21],"class_list":["post-73785","post","type-post","status-publish","format-standard","hentry","category-produtos","tag-306-30","tag-casa-tema-br"],"_links":{"self":[{"href":"https:\/\/jr1.com.br\/shopping\/wp-json\/wp\/v2\/posts\/73785","targetHints":{"allow":["GET"]}}],"collection":[{"href":"https:\/\/jr1.com.br\/shopping\/wp-json\/wp\/v2\/posts"}],"about":[{"href":"https:\/\/jr1.com.br\/shopping\/wp-json\/wp\/v2\/types\/post"}],"author":[{"embeddable":true,"href":"https:\/\/jr1.com.br\/shopping\/wp-json\/wp\/v2\/users\/1"}],"replies":[{"embeddable":true,"href":"https:\/\/jr1.com.br\/shopping\/wp-json\/wp\/v2\/comments?post=73785"}],"version-history":[{"count":0,"href":"https:\/\/jr1.com.br\/shopping\/wp-json\/wp\/v2\/posts\/73785\/revisions"}],"wp:attachment":[{"href":"https:\/\/jr1.com.br\/shopping\/wp-json\/wp\/v2\/media?parent=73785"}],"wp:term":[{"taxonomy":"category","embeddable":true,"href":"https:\/\/jr1.com.br\/shopping\/wp-json\/wp\/v2\/categories?post=73785"},{"taxonomy":"post_tag","embeddable":true,"href":"https:\/\/jr1.com.br\/shopping\/wp-json\/wp\/v2\/tags?post=73785"}],"curies":[{"name":"wp","href":"https:\/\/api.w.org\/{rel}","templated":true}]}}