{"id":73800,"date":"2026-03-27T03:25:45","date_gmt":"2026-03-27T03:25:45","guid":{"rendered":"https:\/\/jr1.com.br\/shopping\/2026\/03\/27\/berco-multifuncional-com-comoda-e-vira-cama-solteiro-branco\/"},"modified":"2026-03-27T03:25:45","modified_gmt":"2026-03-27T03:25:45","slug":"berco-multifuncional-com-comoda-e-vira-cama-solteiro-branco","status":"publish","type":"post","link":"https:\/\/jr1.com.br\/shopping\/2026\/03\/27\/berco-multifuncional-com-comoda-e-vira-cama-solteiro-branco\/","title":{"rendered":"Ber\u00e7o Multifuncional com C\u00f4moda e Vira Cama Solteiro &#8211; Branco"},"content":{"rendered":"<h2><\/h2>\n<h3>O pre\u00e7o de Ber\u00e7o Multifuncional com C\u00f4moda e Vira Cama Solteiro &#8211; Branco no dia acima especificado era de <strong>R$ 1134.48<\/strong>.<\/h3>\n<p>Confira o pre\u00e7o atual aqui: <a href=\"https:\/\/www.awin1.com\/pclick.php?p=38605496968&#038;a=690303&#038;m=100453\" rel=\"noopener sponsored\"><img decoding=\"async\" src=\"https:\/\/ui.awin.com\/images\/upload\/merchant\/profile\/100453.png\" alt=\"Ber\u00e7o Multifuncional com C\u00f4moda e Vira Cama Solteiro - Branco\" \/> &#8211; nas lojas Casa Tema BR<\/a><\/p>\n<p><img decoding=\"async\" src=\"https:\/\/casatema.vteximg.com.br\/arquivos\/ids\/834746_2\" alt=\"Ber\u00e7o Multifuncional com C\u00f4moda e Vira Cama Solteiro - Branco\" \/><br \/>\nBer\u00e7o Multifuncional com C\u00f4moda Acoplada e Vira Cama Solteiro Completa M\u00f3veisO Ber\u00e7o Multifuncional \u00e9 vers\u00e1til e elegante! Sua beleza, assim como sua funcionalidade \u00e9 um diferencial para o produto. Um excelente custo benef\u00edcio, sendo 3 pe\u00e7as em um s\u00f3 m\u00f3vel. A Versatilidade do m\u00f3vel est\u00e1 na sua montagem e no seu uso ao longo das fases de beb\u00ea at\u00e9 a inf\u00e2ncia. Pode ser montado no padr\u00e3o ber\u00e7o com c\u00f4moda e apoio para o trocador e, tamb\u00e9m, ser transformado em uma cama solteiro. As grades s\u00e3o em MDF, dando maior seguran\u00e7a e tranquilidade para o beb\u00ea e pais. Um m\u00f3vel perfeito para otimizar espa\u00e7o e ainda, trazer charme e organiza\u00e7\u00e3o ao ambiente!MDP \u00c9 formado por tr\u00eas camadas de part\u00edculas de madeira, uma mais grossa no meio e duas finas nas superf\u00edcies. Esse tipo de composi\u00e7\u00e3o faz com que o produto tenha uma maior resist\u00eancia estrutural, fazendo com que aguente mais peso, apesar de ser mais leve que o MDF. J\u00e1 o MDP \u00e9 mais utilizado em m\u00f3veis de espessura grossa, pois ele \u00e9 mais leve e tem uma boa estrutura, aguentando mais peso. Outra vantagem \u00e9 que ele \u00e9 mais resistente \u00e0 umidade.Caracter\u00edsticas &#8211; Branco- Estrutura: MDP- Grades fixas nas laterais em MDF- Revestimento: BP Fosco- Ber\u00e7o com C\u00f4moda acoplada- 3 Gavetas- Corredi\u00e7as met\u00e1licas- Puxadores em PVC- Colch\u00e3o de 130x70cm para o ber\u00e7o (n\u00e3o incluso. Vendido separadamente)- Pode ser montada como Cama Solteiro- Colch\u00e3o de 188&#215;78 cm para cama solteiro (n\u00e3o incluso. Vendido separadamente)- Peso suportado: 30 kg como ber\u00e7o \/ 50 kg como cama solteiro \/ 5 kg por gaveta \/ 10 kg na prateleira- Certificado pela Certa OCP 0033 &#8211; Registro 004976\/2019 &#8211; Inmetro- Marca Completa M\u00f3veis- Garantia de 3 meses para defeito de fabrica\u00e7\u00e3o.Dimens\u00f5es Peso: 63,08 KgAltura: 106 cmLargura: 196 cmProfundidade: 84 cmImportante- A Montagem n\u00e3o est\u00e1 inclusa ao produto. Vendida separadamente.- Na limpeza n\u00e3o utilizar produtos qu\u00edmicos e abrasivos, usar apenas com pano umedecido, para garantir a maior durabilidade do m\u00f3vel.- Os objetos que ambientam as fotos n\u00e3o acompanham o produto.- Imagens meramente ilustrativas. Cores e tonalidades podem variar.- Antes de comprar o seu produto verifique as medidas, o local onde pretende instalar e se \u00e9 necess\u00e1rio contratar o servi\u00e7o de um profissional qualificado.<\/p>\n<h4>Aproveite e pesquise o pre\u00e7o deste produto em dezenas de lojas dos marketplaces abaixo:<\/h4>\n<p><a href=\"https:\/\/www.magazinevoce.com.br\/magazineezu\/busca\/Ber\u00e7o Multifuncional com C\u00f4moda e Vira Cama Solteiro - Branco\/\" target=\"_blank\" rel=\"noopener\"><img decoding=\"async\" src=\"https:\/\/mvc.mlcdn.com.br\/ad\/2503_superofertas.png\" alt=\"Pesquise no Magazine eZu\" \/> &#8211; da Parceria MAGALU<\/a>.<\/p>\n<p>Ainda n\u00e3o encontrou a melhor op\u00e7\u00e3o de compra? Oferecemos mais uma possibilidade de <strong>busca<\/strong> mais ampla para <a href=\"https:\/\/ecompare.com.br\/lojas\/resultados-da-pesquisa\/?q=Ber\u00e7o Multifuncional com C\u00f4moda e Vira Cama Solteiro - Branco#gsc.tab=0&amp;gsc.q=Ber\u00e7o Multifuncional com C\u00f4moda e Vira Cama Solteiro - Branco&amp;gsc.page=1\" target=\"_blank\" rel=\"noopener\">Ber\u00e7o Multifuncional com C\u00f4moda e Vira Cama Solteiro &#8211; Branco, clique e continue <strong>pesquisando&#8230;<\/strong><\/a><\/p>\n<hr \/>\n","protected":false},"excerpt":{"rendered":"<p>R$ 1134.48 nas lojas <a href=\"https:\/\/www.awin1.com\/pclick.php?p=38605496968&#038;a=690303&#038;m=100453\" target=\"_blank\" rel=\"sponsored\">Casa Tema BR<\/a><\/p>\n","protected":false},"author":1,"featured_media":0,"comment_status":"closed","ping_status":"closed","sticky":false,"template":"","format":"standard","meta":{"footnotes":""},"categories":[2],"tags":[381,21],"class_list":["post-73800","post","type-post","status-publish","format-standard","hentry","category-produtos","tag-1134-48","tag-casa-tema-br"],"_links":{"self":[{"href":"https:\/\/jr1.com.br\/shopping\/wp-json\/wp\/v2\/posts\/73800","targetHints":{"allow":["GET"]}}],"collection":[{"href":"https:\/\/jr1.com.br\/shopping\/wp-json\/wp\/v2\/posts"}],"about":[{"href":"https:\/\/jr1.com.br\/shopping\/wp-json\/wp\/v2\/types\/post"}],"author":[{"embeddable":true,"href":"https:\/\/jr1.com.br\/shopping\/wp-json\/wp\/v2\/users\/1"}],"replies":[{"embeddable":true,"href":"https:\/\/jr1.com.br\/shopping\/wp-json\/wp\/v2\/comments?post=73800"}],"version-history":[{"count":0,"href":"https:\/\/jr1.com.br\/shopping\/wp-json\/wp\/v2\/posts\/73800\/revisions"}],"wp:attachment":[{"href":"https:\/\/jr1.com.br\/shopping\/wp-json\/wp\/v2\/media?parent=73800"}],"wp:term":[{"taxonomy":"category","embeddable":true,"href":"https:\/\/jr1.com.br\/shopping\/wp-json\/wp\/v2\/categories?post=73800"},{"taxonomy":"post_tag","embeddable":true,"href":"https:\/\/jr1.com.br\/shopping\/wp-json\/wp\/v2\/tags?post=73800"}],"curies":[{"name":"wp","href":"https:\/\/api.w.org\/{rel}","templated":true}]}}