{"id":73832,"date":"2026-03-04T05:42:30","date_gmt":"2026-03-04T05:42:30","guid":{"rendered":"https:\/\/jr1.com.br\/shopping\/2026\/03\/04\/escrivaninha-retro-versatil-com-pes-palito-branco\/"},"modified":"2026-03-04T05:42:30","modified_gmt":"2026-03-04T05:42:30","slug":"escrivaninha-retro-versatil-com-pes-palito-branco","status":"publish","type":"post","link":"https:\/\/jr1.com.br\/shopping\/2026\/03\/04\/escrivaninha-retro-versatil-com-pes-palito-branco\/","title":{"rendered":"Escrivaninha Retr\u00f4 Vers\u00e1til com P\u00e9s Palito &#8211; Branco"},"content":{"rendered":"<h2><\/h2>\n<h3>O pre\u00e7o de Escrivaninha Retr\u00f4 Vers\u00e1til com P\u00e9s Palito &#8211; Branco no dia acima especificado era de <strong>R$ 306.30<\/strong>.<\/h3>\n<p>Confira o pre\u00e7o atual aqui: <a href=\"https:\/\/www.awin1.com\/pclick.php?p=38605497028&#038;a=690303&#038;m=100453\" rel=\"noopener sponsored\"><img decoding=\"async\" src=\"https:\/\/ui.awin.com\/images\/upload\/merchant\/profile\/100453.png\" alt=\"Escrivaninha Retr\u00f4 Vers\u00e1til com P\u00e9s Palito - Branco\" \/> &#8211; nas lojas Casa Tema BR<\/a><\/p>\n<p><img decoding=\"async\" src=\"https:\/\/casatema.vteximg.com.br\/arquivos\/ids\/745423_2\" alt=\"Escrivaninha Retr\u00f4 Vers\u00e1til com P\u00e9s Palito - Branco\" \/><br \/>\n2 em 1: Escrivaninha ou Aparador de parede Retr\u00f4 brancoCharme e simplicidade \u00e9 o que busca apresentar a Linha Retr\u00f4, uma releitura contempor\u00e2nea com caracter\u00edsticas antigas, linhas simples, de elevado impacto visual. O estilo retro \u00e9 din\u00e2mico e cool, tornando as pe\u00e7as divertidas, pr\u00e1ticas e funcionais, podendo ser usadas para mobiliar ambientes distintos. A Escrivaninha Retr\u00f4 1003 \u00e9 tudo isso e muito mais, um jeito pr\u00e1tico e compacto de ter uma escrivaninha ou aparador naquele espa\u00e7o pequeno. A Pe\u00e7a tem 2 p\u00e9s na cor castanho e tampo preso a parede.MDP \u00e9 formado por tr\u00eas camadas de part\u00edculas de madeira, uma mais grossa no meio e duas finas nas superf\u00edcies. Esse tipo de composi\u00e7\u00e3o faz com que o produto tenha uma maior resist\u00eancia estrutural, fazendo com que aguente mais peso, apesar de ser mais leve que o MDF. J\u00e1 o MDP \u00e9 mais utilizado em m\u00f3veis de espessura grossa, pois ele \u00e9 mais leve e tem uma boa estrutura, aguentando mais peso. Outra vantagem \u00e9 que ele \u00e9 mais resistente \u00e0 umidade.Caracter\u00edsticas &#8211; Cor: Branco Tx.- Estrutura: MDP 15 mm.- Acabamento: Revestimento BP, resistente \u00e0 manchas e riscos.- Tampo preso a parede.- P\u00e9s palitos na cor Castanho.- Altura dos p\u00e9s: 78 cm.- Peso suportado: 15 kg.- Vers\u00e1til: Pode ser usado como escrivaninha ou aparador.- Marca: BE Mobili\u00e1rio Inteligente &#8211; Bentec.- Garantia de 3 meses para defeito de fabrica\u00e7\u00e3o.- M\u00f3vel entregue desmontado, montagem n\u00e3o inclusa.Dimens\u00f5es Peso: 7 KgAltura: 93 cmLargura: 92 cmProfundidade: 35 cmOutras Informa\u00e7\u00f5es- Montagem n\u00e3o inclusa.- Na limpeza n\u00e3o utilizar produtos qu\u00edmicos e abrasivos, usar apenas um pano umedecido, para garantir a maior durabilidade do m\u00f3vel.- Os objetos que ambientam as fotos n\u00e3o acompanham o produto.- Imagens meramente ilustrativas. Cores e tonalidades podem variar.- Antes de comprar o seu produto verifique as medidas, o local onde pretende instalar e se \u00e9 necess\u00e1rio contratar o servi\u00e7o de um profissional qualificado.<\/p>\n<h4>Aproveite e pesquise o pre\u00e7o deste produto em dezenas de lojas dos marketplaces abaixo:<\/h4>\n<p><a href=\"https:\/\/www.magazinevoce.com.br\/magazineezu\/busca\/Escrivaninha Retr\u00f4 Vers\u00e1til com P\u00e9s Palito - Branco\/\" target=\"_blank\" rel=\"noopener\"><img decoding=\"async\" src=\"https:\/\/mvc.mlcdn.com.br\/ad\/2503_superofertas.png\" alt=\"Pesquise no Magazine eZu\" \/> &#8211; da Parceria MAGALU<\/a>.<\/p>\n<p>Ainda n\u00e3o encontrou a melhor op\u00e7\u00e3o de compra? Oferecemos mais uma possibilidade de <strong>busca<\/strong> mais ampla para <a href=\"https:\/\/ecompare.com.br\/lojas\/resultados-da-pesquisa\/?q=Escrivaninha Retr\u00f4 Vers\u00e1til com P\u00e9s Palito - Branco#gsc.tab=0&amp;gsc.q=Escrivaninha Retr\u00f4 Vers\u00e1til com P\u00e9s Palito - Branco&amp;gsc.page=1\" target=\"_blank\" rel=\"noopener\">Escrivaninha Retr\u00f4 Vers\u00e1til com P\u00e9s Palito &#8211; Branco, clique e continue <strong>pesquisando&#8230;<\/strong><\/a><\/p>\n<hr \/>\n","protected":false},"excerpt":{"rendered":"<p>R$ 306.30 nas lojas <a href=\"https:\/\/www.awin1.com\/pclick.php?p=38605497028&#038;a=690303&#038;m=100453\" target=\"_blank\" rel=\"sponsored\">Casa Tema BR<\/a><\/p>\n","protected":false},"author":1,"featured_media":0,"comment_status":"closed","ping_status":"closed","sticky":false,"template":"","format":"standard","meta":{"footnotes":""},"categories":[2],"tags":[273,21],"class_list":["post-73832","post","type-post","status-publish","format-standard","hentry","category-produtos","tag-306-30","tag-casa-tema-br"],"_links":{"self":[{"href":"https:\/\/jr1.com.br\/shopping\/wp-json\/wp\/v2\/posts\/73832","targetHints":{"allow":["GET"]}}],"collection":[{"href":"https:\/\/jr1.com.br\/shopping\/wp-json\/wp\/v2\/posts"}],"about":[{"href":"https:\/\/jr1.com.br\/shopping\/wp-json\/wp\/v2\/types\/post"}],"author":[{"embeddable":true,"href":"https:\/\/jr1.com.br\/shopping\/wp-json\/wp\/v2\/users\/1"}],"replies":[{"embeddable":true,"href":"https:\/\/jr1.com.br\/shopping\/wp-json\/wp\/v2\/comments?post=73832"}],"version-history":[{"count":0,"href":"https:\/\/jr1.com.br\/shopping\/wp-json\/wp\/v2\/posts\/73832\/revisions"}],"wp:attachment":[{"href":"https:\/\/jr1.com.br\/shopping\/wp-json\/wp\/v2\/media?parent=73832"}],"wp:term":[{"taxonomy":"category","embeddable":true,"href":"https:\/\/jr1.com.br\/shopping\/wp-json\/wp\/v2\/categories?post=73832"},{"taxonomy":"post_tag","embeddable":true,"href":"https:\/\/jr1.com.br\/shopping\/wp-json\/wp\/v2\/tags?post=73832"}],"curies":[{"name":"wp","href":"https:\/\/api.w.org\/{rel}","templated":true}]}}