{"id":73834,"date":"2026-03-23T16:27:51","date_gmt":"2026-03-23T16:27:51","guid":{"rendered":"https:\/\/jr1.com.br\/shopping\/2026\/03\/23\/cama-multifuncional-bianca-ii-com-armario-e-escrivaninha-branco\/"},"modified":"2026-03-23T16:27:51","modified_gmt":"2026-03-23T16:27:51","slug":"cama-multifuncional-bianca-ii-com-armario-e-escrivaninha-branco","status":"publish","type":"post","link":"https:\/\/jr1.com.br\/shopping\/2026\/03\/23\/cama-multifuncional-bianca-ii-com-armario-e-escrivaninha-branco\/","title":{"rendered":"Cama Multifuncional Bianca II com Arm\u00e1rio e Escrivaninha &#8211; Branco"},"content":{"rendered":"<h2><\/h2>\n<h3>O pre\u00e7o de Cama Multifuncional Bianca II com Arm\u00e1rio e Escrivaninha &#8211; Branco no dia acima especificado era de <strong>R$ 949.57<\/strong>.<\/h3>\n<p>Confira o pre\u00e7o atual aqui: <a href=\"https:\/\/www.awin1.com\/pclick.php?p=38605497155&#038;a=690303&#038;m=100453\" rel=\"noopener sponsored\"><img decoding=\"async\" src=\"https:\/\/ui.awin.com\/images\/upload\/merchant\/profile\/100453.png\" alt=\"Cama Multifuncional Bianca II com Arm\u00e1rio e Escrivaninha - Branco\" \/> &#8211; nas lojas Casa Tema BR<\/a><\/p>\n<p><img decoding=\"async\" src=\"https:\/\/casatema.vteximg.com.br\/arquivos\/ids\/820351_2\" alt=\"Cama Multifuncional Bianca II com Arm\u00e1rio e Escrivaninha - Branco\" \/><br \/>\nCama Multifuncional Bianca II com Arm&aacute;rio e Escrivaninha &#8211; BrancooA Cama Multifuncional Bianca II &eacute; ideal para otimizar seu ambiente com conforto e modernidade. Com um design elegante, multifuncional, confeccionado em MDF e acabamento em pintura UV, conta com mesa retr&aacute;til, arm&aacute;rio e gavet&atilde;o. Produto resistente, de alta durabilidade e multifuncional.MDFTrata-se de um painel de madeira reconstitu&iacute;da, produzido por meio da aglutina&ccedil;&atilde;o de fibras de madeira com resinas sint&eacute;ticas e aditivos. As placas de madeira s&atilde;o coladas umas sobre as outras com resina, e fixadas atrav&eacute;s de press&atilde;o. Empregado em partes aparentes dos m&oacute;veis, onde ser&atilde;o aplicados acabamentos. Uma madeira que permite mais criatividade no design dos m&oacute;veis, por isso, &eacute; indicada em pe&ccedil;as que ter&atilde;o partes arredondadas e contornos. O material tamb&eacute;m &eacute; recomendado em casos de usinagem em baixo relevo e entalhamento.Garantia: 03 meses de garantia para defeito de f&aacute;bricaCaracter&iacute;sticas- Branco- Estrutura: MDF &#8211; Acabamento: Pintura UV- 1 Escrivaninha retr&aacute;til- 2 Portas- 1 Gaveta- Corredi&ccedil;as e dobradi&ccedil;as met&aacute;licas- Para colch&atilde;o Solteiro 88 x 188 cm (n&atilde;o incluso)- Tratamento contra cupim- Peso suportado: at&eacute; 80 kg &#8211; Peso suportado gaveta: at&eacute; 5 kg- Produto entregue desmontado- Marca: CimolDimens&otilde;esAltura: 113 cmAltura da escrivaninha:71,5cmLargura: 193 cmProfundidade: 114 cm (escrivaninha fechada)Profundidade: 165 cm (escrivaninha aberta)Peso: 74 kgOutras Informa&ccedil;&otilde;es- Montagem n&atilde;o inclusa.- Na limpeza n&atilde;o utilizar produtos qu&iacute;micos e abrasivos, usar apenas um pano umedecido, para garantir a maior durabilidade do m&oacute;vel.- Os objetos que ambientam as fotos n&atilde;o acompanham o produto.- Imagens meramente ilustrativas. Cores e tonalidades podem variar.- Antes de comprar o seu produto verifique as medidas, o local onde pretende instalar e se &eacute; necess&aacute;rio contratar o servi&ccedil;o de um profissional qualificado.<\/p>\n<h4>Aproveite e pesquise o pre\u00e7o deste produto em dezenas de lojas dos marketplaces abaixo:<\/h4>\n<p><a href=\"https:\/\/www.magazinevoce.com.br\/magazineezu\/busca\/Cama Multifuncional Bianca II com Arm\u00e1rio e Escrivaninha - Branco\/\" target=\"_blank\" rel=\"noopener\"><img decoding=\"async\" src=\"https:\/\/mvc.mlcdn.com.br\/ad\/2503_superofertas.png\" alt=\"Pesquise no Magazine eZu\" \/> &#8211; da Parceria MAGALU<\/a>.<\/p>\n<p>Ainda n\u00e3o encontrou a melhor op\u00e7\u00e3o de compra? Oferecemos mais uma possibilidade de <strong>busca<\/strong> mais ampla para <a href=\"https:\/\/ecompare.com.br\/lojas\/resultados-da-pesquisa\/?q=Cama Multifuncional Bianca II com Arm\u00e1rio e Escrivaninha - Branco#gsc.tab=0&amp;gsc.q=Cama Multifuncional Bianca II com Arm\u00e1rio e Escrivaninha - Branco&amp;gsc.page=1\" target=\"_blank\" rel=\"noopener\">Cama Multifuncional Bianca II com Arm\u00e1rio e Escrivaninha &#8211; Branco, clique e continue <strong>pesquisando&#8230;<\/strong><\/a><\/p>\n<hr \/>\n","protected":false},"excerpt":{"rendered":"<p>R$ 949.57 nas lojas <a href=\"https:\/\/www.awin1.com\/pclick.php?p=38605497155&#038;a=690303&#038;m=100453\" target=\"_blank\" rel=\"sponsored\">Casa Tema BR<\/a><\/p>\n","protected":false},"author":1,"featured_media":0,"comment_status":"closed","ping_status":"closed","sticky":false,"template":"","format":"standard","meta":{"footnotes":""},"categories":[2],"tags":[391,21],"class_list":["post-73834","post","type-post","status-publish","format-standard","hentry","category-produtos","tag-949-57","tag-casa-tema-br"],"_links":{"self":[{"href":"https:\/\/jr1.com.br\/shopping\/wp-json\/wp\/v2\/posts\/73834","targetHints":{"allow":["GET"]}}],"collection":[{"href":"https:\/\/jr1.com.br\/shopping\/wp-json\/wp\/v2\/posts"}],"about":[{"href":"https:\/\/jr1.com.br\/shopping\/wp-json\/wp\/v2\/types\/post"}],"author":[{"embeddable":true,"href":"https:\/\/jr1.com.br\/shopping\/wp-json\/wp\/v2\/users\/1"}],"replies":[{"embeddable":true,"href":"https:\/\/jr1.com.br\/shopping\/wp-json\/wp\/v2\/comments?post=73834"}],"version-history":[{"count":0,"href":"https:\/\/jr1.com.br\/shopping\/wp-json\/wp\/v2\/posts\/73834\/revisions"}],"wp:attachment":[{"href":"https:\/\/jr1.com.br\/shopping\/wp-json\/wp\/v2\/media?parent=73834"}],"wp:term":[{"taxonomy":"category","embeddable":true,"href":"https:\/\/jr1.com.br\/shopping\/wp-json\/wp\/v2\/categories?post=73834"},{"taxonomy":"post_tag","embeddable":true,"href":"https:\/\/jr1.com.br\/shopping\/wp-json\/wp\/v2\/tags?post=73834"}],"curies":[{"name":"wp","href":"https:\/\/api.w.org\/{rel}","templated":true}]}}