{"id":73964,"date":"2026-03-09T15:49:35","date_gmt":"2026-03-09T15:49:35","guid":{"rendered":"https:\/\/jr1.com.br\/shopping\/2026\/03\/09\/mini-berco-moises-com-colchao-e-2-gavetas-branco\/"},"modified":"2026-03-09T15:49:35","modified_gmt":"2026-03-09T15:49:35","slug":"mini-berco-moises-com-colchao-e-2-gavetas-branco","status":"publish","type":"post","link":"https:\/\/jr1.com.br\/shopping\/2026\/03\/09\/mini-berco-moises-com-colchao-e-2-gavetas-branco\/","title":{"rendered":"Mini Ber\u00e7o Mois\u00e9s com Colch\u00e3o e 2 Gavetas &#8211; Branco"},"content":{"rendered":"<h2><\/h2>\n<h3>O pre\u00e7o de Mini Ber\u00e7o Mois\u00e9s com Colch\u00e3o e 2 Gavetas &#8211; Branco no dia acima especificado era de <strong>R$ 510.51<\/strong>.<\/h3>\n<p>Confira o pre\u00e7o atual aqui: <a href=\"https:\/\/www.awin1.com\/pclick.php?p=38605494111&#038;a=690303&#038;m=100453\" rel=\"noopener sponsored\"><img decoding=\"async\" src=\"https:\/\/ui.awin.com\/images\/upload\/merchant\/profile\/100453.png\" alt=\"Mini Ber\u00e7o Mois\u00e9s com Colch\u00e3o e 2 Gavetas - Branco\" \/> &#8211; nas lojas Casa Tema BR<\/a><\/p>\n<p><img decoding=\"async\" src=\"https:\/\/casatema.vteximg.com.br\/arquivos\/ids\/839453_2\" alt=\"Mini Ber\u00e7o Mois\u00e9s com Colch\u00e3o e 2 Gavetas - Branco\" \/><br \/>\nMini Ber&ccedil;o com colch&atilde;o, 2 gavetas e prateleira da Completa M&oacute;veisTodos os pais esperam ansiosamente a chegada do filho, um beb&ecirc; em casa significa renova&ccedil;&atilde;o, amor, aconchego e seguran&ccedil;a. E pensando em todos esses adjetivos, o Ber&ccedil;o Mois&eacute;s foi desenvolvido. Um produto compacto, ideal para ser utilizado ao lado da cama dos pais, facilitando o acesso ao rec&eacute;m-nascido. Na parte inferior, h&aacute; 2 gavetas e 1 prateleira para voc&ecirc; acomodar o que for melhor para o seu dia-a-dia, desde mantas a material de higiene pessoal. Um m&oacute;vel &uacute;nico, de grande beleza e charme, uma pe&ccedil;a para fazer somar a decora&ccedil;&atilde;o do quarto do casal. Produzido em MDP 15 mm com acabamento fosco, suporte de lastro em madeira maci&ccedil;a, grade fixa de MDF e rod&iacute;zios. Suporta at&eacute; 20 kg. Esse produto pode ser associado a outros da Linha BY, todos vendidos separadamente.MDPPainel de madeira formado por part&iacute;culas de madeira de m&eacute;dia densidade, &eacute; tamb&eacute;m o mais consumido no mundo. &Eacute; produzido em prensas cont&iacute;nuas de &uacute;ltima gera&ccedil;&atilde;o, sendo um dos produtos mais tecnol&oacute;gicos e econ&ocirc;micos para produ&ccedil;&atilde;o de m&oacute;veis de linhas retas ou que precisam receber pinturas e revestimentos de qualquer material. Apresenta excelente resultado em m&oacute;veis para dormit&oacute;rios, escrit&oacute;rios, cozinhas, pain&eacute;is para decora&ccedil;&atilde;o, prateleiras, tampos e base superior\/inferior. Com o manuseio correto e dispositivos de montagem, pode ser montado e desmontado quantas vezes for necess&aacute;rio.Caracter&iacute;sticasBrancoEstrutura: MDP\/MDFRevestimento: BP FoscoGrade fixa em MDFSuporte para mosquiteiro2 GavetasCorredi&ccedil;as met&aacute;licas1 Prateleira4 Rod&iacute;zios1 Colch&atilde;o incluso 85&#215;38 cmsPeso suportado: 20 kgCertificado pela Certa OCP 0033 &#8211; Registro 002475\/2018 &#8211; InmetroM&oacute;vel entregue desmontadoMarca: Completa M&oacute;veisDimens&otilde;esPeso: 20 Kgltura: 95 cmLargura: 45 cmComprimento: 90 cmOutras Informa&ccedil;&otilde;esMontagem n&atilde;o inclusa.Na limpeza n&atilde;o utilizar produtos qu&iacute;micos e abrasivos, usar pano levemente umedecido, para garantir a maior durabilidade do m&oacute;vel.Os objetos que ambientam as fotos n&atilde;o acompanham o produto.Imagens meramente ilustrativas. Cores e tonalidades podem variar.Antes de comprar o seu produto verifique as medidas, o local onde pretende instalar e se &eacute; necess&aacute;rio contratar o servi&ccedil;o de um profissional qualificado.<\/p>\n<h4>Aproveite e pesquise o pre\u00e7o deste produto em dezenas de lojas dos marketplaces abaixo:<\/h4>\n<p><a href=\"https:\/\/www.magazinevoce.com.br\/magazineezu\/busca\/Mini Ber\u00e7o Mois\u00e9s com Colch\u00e3o e 2 Gavetas - Branco\/\" target=\"_blank\" rel=\"noopener\"><img decoding=\"async\" src=\"https:\/\/mvc.mlcdn.com.br\/ad\/2503_superofertas.png\" alt=\"Pesquise no Magazine eZu\" \/> &#8211; da Parceria MAGALU<\/a>.<\/p>\n<p>Ainda n\u00e3o encontrou a melhor op\u00e7\u00e3o de compra? Oferecemos mais uma possibilidade de <strong>busca<\/strong> mais ampla para <a href=\"https:\/\/ecompare.com.br\/lojas\/resultados-da-pesquisa\/?q=Mini Ber\u00e7o Mois\u00e9s com Colch\u00e3o e 2 Gavetas - Branco#gsc.tab=0&amp;gsc.q=Mini Ber\u00e7o Mois\u00e9s com Colch\u00e3o e 2 Gavetas - Branco&amp;gsc.page=1\" target=\"_blank\" rel=\"noopener\">Mini Ber\u00e7o Mois\u00e9s com Colch\u00e3o e 2 Gavetas &#8211; Branco, clique e continue <strong>pesquisando&#8230;<\/strong><\/a><\/p>\n<hr \/>\n","protected":false},"excerpt":{"rendered":"<p>R$ 510.51 nas lojas <a href=\"https:\/\/www.awin1.com\/pclick.php?p=38605494111&#038;a=690303&#038;m=100453\" target=\"_blank\" rel=\"sponsored\">Casa Tema BR<\/a><\/p>\n","protected":false},"author":1,"featured_media":0,"comment_status":"closed","ping_status":"closed","sticky":false,"template":"","format":"standard","meta":{"footnotes":""},"categories":[2],"tags":[272,21],"class_list":["post-73964","post","type-post","status-publish","format-standard","hentry","category-produtos","tag-510-51","tag-casa-tema-br"],"_links":{"self":[{"href":"https:\/\/jr1.com.br\/shopping\/wp-json\/wp\/v2\/posts\/73964","targetHints":{"allow":["GET"]}}],"collection":[{"href":"https:\/\/jr1.com.br\/shopping\/wp-json\/wp\/v2\/posts"}],"about":[{"href":"https:\/\/jr1.com.br\/shopping\/wp-json\/wp\/v2\/types\/post"}],"author":[{"embeddable":true,"href":"https:\/\/jr1.com.br\/shopping\/wp-json\/wp\/v2\/users\/1"}],"replies":[{"embeddable":true,"href":"https:\/\/jr1.com.br\/shopping\/wp-json\/wp\/v2\/comments?post=73964"}],"version-history":[{"count":0,"href":"https:\/\/jr1.com.br\/shopping\/wp-json\/wp\/v2\/posts\/73964\/revisions"}],"wp:attachment":[{"href":"https:\/\/jr1.com.br\/shopping\/wp-json\/wp\/v2\/media?parent=73964"}],"wp:term":[{"taxonomy":"category","embeddable":true,"href":"https:\/\/jr1.com.br\/shopping\/wp-json\/wp\/v2\/categories?post=73964"},{"taxonomy":"post_tag","embeddable":true,"href":"https:\/\/jr1.com.br\/shopping\/wp-json\/wp\/v2\/tags?post=73964"}],"curies":[{"name":"wp","href":"https:\/\/api.w.org\/{rel}","templated":true}]}}