{"id":74100,"date":"2026-03-15T17:42:03","date_gmt":"2026-03-15T17:42:03","guid":{"rendered":"https:\/\/jr1.com.br\/shopping\/2026\/03\/15\/cadeira-de-alimentacao-bebe-com-cinto-em-madeira-branco\/"},"modified":"2026-03-15T17:42:03","modified_gmt":"2026-03-15T17:42:03","slug":"cadeira-de-alimentacao-bebe-com-cinto-em-madeira-branco","status":"publish","type":"post","link":"https:\/\/jr1.com.br\/shopping\/2026\/03\/15\/cadeira-de-alimentacao-bebe-com-cinto-em-madeira-branco\/","title":{"rendered":"Cadeira de Alimenta\u00e7\u00e3o Beb\u00ea com Cinto em Madeira &#8211; Branco"},"content":{"rendered":"<h2><\/h2>\n<h3>O pre\u00e7o de Cadeira de Alimenta\u00e7\u00e3o Beb\u00ea com Cinto em Madeira &#8211; Branco no dia acima especificado era de <strong>R$ 408.41<\/strong>.<\/h3>\n<p>Confira o pre\u00e7o atual aqui: <a href=\"https:\/\/www.awin1.com\/pclick.php?p=38605497297&#038;a=690303&#038;m=100453\" rel=\"noopener sponsored\"><img decoding=\"async\" src=\"https:\/\/ui.awin.com\/images\/upload\/merchant\/profile\/100453.png\" alt=\"Cadeira de Alimenta\u00e7\u00e3o Beb\u00ea com Cinto em Madeira - Branco\" \/> &#8211; nas lojas Casa Tema BR<\/a><\/p>\n<p><img decoding=\"async\" src=\"https:\/\/casatema.vteximg.com.br\/arquivos\/ids\/836571_2\" alt=\"Cadeira de Alimenta\u00e7\u00e3o Beb\u00ea com Cinto em Madeira - Branco\" \/><br \/>\nCadeira de Alimenta&ccedil;&atilde;o Beb&ecirc; com Cinto em Madeira &#8211; BrancoA cadeira de refei&ccedil;&atilde;o da Deiss &eacute; ideal para deixar seu filho ou filha confort&aacute;vel na hora da papinha. Ela conta com um cinto que mant&eacute;m o beb&ecirc; na cadeira e impede que ele abra a bandeja, proporcionando maior seguran&ccedil;a.Madeira Maci&ccedil;aUma op&ccedil;&atilde;o excelente para quem procura m&oacute;veis atraentes, requintados, &uacute;nicos e com sofistica&ccedil;&atilde;o. Esse tipo de m&oacute;vel &eacute; sin&ocirc;nimo de qualidade e longa vida &uacute;til e, em um momento em que a sustentabilidade est&aacute; em pauta, os m&oacute;veis de madeira maci&ccedil;a podem ser uma boa alternativa ecol&oacute;gica, devido ao seu bom manejo e o benef&iacute;cio da reutiliza&ccedil;&atilde;o. Assim, al&eacute;m de economia e exclusividade na decora&ccedil;&atilde;o, um ambiente decorado com m&oacute;veis de madeira maci&ccedil;a &eacute;, tamb&eacute;m, sin&ocirc;nimo de cuidado com o meio ambiente. A madeira maci&ccedil;a oferece mais resist&ecirc;ncia ao desgaste natural do tempo e maior durabilidade, por causa de suas caracter&iacute;sticas naturais e maior resist&ecirc;ncia &agrave; &aacute;gua.Garantia:03 meses &ndash; garantia de f&aacute;bricaCaracter&iacute;sticas- Branco. &#8211; Estrutura: madeira maci&ccedil;a\/ bandeja e assento em MDF.- Acabamento: Pintura em PU Laca.- Cinto de seguran&ccedil;a remov&iacute;vel.- Suporta at&eacute; 30kg.- M&oacute;vel entregue desmontado.- Acompanha manual de montagem.Dimens&otilde;es:Peso: 7,4 kg.Altura: 93 cmLargura: 41 cmProfundidade: 44,5 cmOutras Informa&ccedil;&otilde;es- Montagem n&atilde;o inclusa.- Na limpeza n&atilde;o utilizar produtos qu&iacute;micos e abrasivos, usar apenas um pano umedecido, para garantir a maior durabilidade do m&oacute;vel. &#8211; Os objetos que ambientam as fotos n&atilde;o acompanham o produto. &#8211; Imagens meramente ilustrativas. Cores e tonalidades podem variar. &#8211; Antes de comprar o seu produto verifique as medidas, o local onde pretende instalar e se &eacute; necess&aacute;rio contratar o servi&ccedil;o de um profissional qualificado.<\/p>\n<h4>Aproveite e pesquise o pre\u00e7o deste produto em dezenas de lojas dos marketplaces abaixo:<\/h4>\n<p><a href=\"https:\/\/www.magazinevoce.com.br\/magazineezu\/busca\/Cadeira de Alimenta\u00e7\u00e3o Beb\u00ea com Cinto em Madeira - Branco\/\" target=\"_blank\" rel=\"noopener\"><img decoding=\"async\" src=\"https:\/\/mvc.mlcdn.com.br\/ad\/2503_superofertas.png\" alt=\"Pesquise no Magazine eZu\" \/> &#8211; da Parceria MAGALU<\/a>.<\/p>\n<p>Ainda n\u00e3o encontrou a melhor op\u00e7\u00e3o de compra? Oferecemos mais uma possibilidade de <strong>busca<\/strong> mais ampla para <a href=\"https:\/\/ecompare.com.br\/lojas\/resultados-da-pesquisa\/?q=Cadeira de Alimenta\u00e7\u00e3o Beb\u00ea com Cinto em Madeira - Branco#gsc.tab=0&amp;gsc.q=Cadeira de Alimenta\u00e7\u00e3o Beb\u00ea com Cinto em Madeira - Branco&amp;gsc.page=1\" target=\"_blank\" rel=\"noopener\">Cadeira de Alimenta\u00e7\u00e3o Beb\u00ea com Cinto em Madeira &#8211; Branco, clique e continue <strong>pesquisando&#8230;<\/strong><\/a><\/p>\n<hr \/>\n","protected":false},"excerpt":{"rendered":"<p>R$ 408.41 nas lojas <a href=\"https:\/\/www.awin1.com\/pclick.php?p=38605497297&#038;a=690303&#038;m=100453\" target=\"_blank\" rel=\"sponsored\">Casa Tema BR<\/a><\/p>\n","protected":false},"author":1,"featured_media":0,"comment_status":"closed","ping_status":"closed","sticky":false,"template":"","format":"standard","meta":{"footnotes":""},"categories":[2],"tags":[321,21],"class_list":["post-74100","post","type-post","status-publish","format-standard","hentry","category-produtos","tag-408-41","tag-casa-tema-br"],"_links":{"self":[{"href":"https:\/\/jr1.com.br\/shopping\/wp-json\/wp\/v2\/posts\/74100","targetHints":{"allow":["GET"]}}],"collection":[{"href":"https:\/\/jr1.com.br\/shopping\/wp-json\/wp\/v2\/posts"}],"about":[{"href":"https:\/\/jr1.com.br\/shopping\/wp-json\/wp\/v2\/types\/post"}],"author":[{"embeddable":true,"href":"https:\/\/jr1.com.br\/shopping\/wp-json\/wp\/v2\/users\/1"}],"replies":[{"embeddable":true,"href":"https:\/\/jr1.com.br\/shopping\/wp-json\/wp\/v2\/comments?post=74100"}],"version-history":[{"count":0,"href":"https:\/\/jr1.com.br\/shopping\/wp-json\/wp\/v2\/posts\/74100\/revisions"}],"wp:attachment":[{"href":"https:\/\/jr1.com.br\/shopping\/wp-json\/wp\/v2\/media?parent=74100"}],"wp:term":[{"taxonomy":"category","embeddable":true,"href":"https:\/\/jr1.com.br\/shopping\/wp-json\/wp\/v2\/categories?post=74100"},{"taxonomy":"post_tag","embeddable":true,"href":"https:\/\/jr1.com.br\/shopping\/wp-json\/wp\/v2\/tags?post=74100"}],"curies":[{"name":"wp","href":"https:\/\/api.w.org\/{rel}","templated":true}]}}