{"id":74119,"date":"2026-03-19T06:29:47","date_gmt":"2026-03-19T06:29:47","guid":{"rendered":"https:\/\/jr1.com.br\/shopping\/2026\/03\/19\/buffet-retalho-com-2-portas-e-3-gavetas-preto\/"},"modified":"2026-03-19T06:29:47","modified_gmt":"2026-03-19T06:29:47","slug":"buffet-retalho-com-2-portas-e-3-gavetas-preto","status":"publish","type":"post","link":"https:\/\/jr1.com.br\/shopping\/2026\/03\/19\/buffet-retalho-com-2-portas-e-3-gavetas-preto\/","title":{"rendered":"Buffet Retalho com 2 Portas e 3 Gavetas &#8211; Preto"},"content":{"rendered":"<h2><\/h2>\n<h3>O pre\u00e7o de Buffet Retalho com 2 Portas e 3 Gavetas &#8211; Preto no dia acima especificado era de <strong>R$ 732.87<\/strong>.<\/h3>\n<p>Confira o pre\u00e7o atual aqui: <a href=\"https:\/\/www.awin1.com\/pclick.php?p=38605497298&#038;a=690303&#038;m=100453\" rel=\"noopener sponsored\"><img decoding=\"async\" src=\"https:\/\/ui.awin.com\/images\/upload\/merchant\/profile\/100453.png\" alt=\"Buffet Retalho com 2 Portas e 3 Gavetas - Preto\" \/> &#8211; nas lojas Casa Tema BR<\/a><\/p>\n<p><img decoding=\"async\" src=\"https:\/\/casatema.vteximg.com.br\/arquivos\/ids\/809565_2\" alt=\"Buffet Retalho com 2 Portas e 3 Gavetas - Preto\" \/><br \/>\nBuffet Retalho com 2 Portas e 3 Gavetas &#8211; Preto O Buffet Retalho vai deixar sua casa ainda mais bonita. Pode ser usado em diversos ambientes, como na sala de estar, sala de jantar ou no escrit&oacute;rio. Vai auxiliar e decorar ao mesmo tempo. Uma pe&ccedil;a vers&aacute;til que pode ser utilizada de v&aacute;rias formas. Produzido em MDP revestido com laminado melam&iacute;nico de baixa press&atilde;o e bordas em PVC. Para um ambiente moderno &eacute; necess&aacute;rio escolher m&oacute;veis arrojados, &uacute;nicos, que ir&atilde;o impressionar logo &agrave; primeira vista.MDPPainel de madeira formado por part&iacute;culas de madeira de m&eacute;dia densidade, &eacute; tamb&eacute;m o mais consumido no mundo. &Eacute; produzido em prensas cont&iacute;nuas de &uacute;ltima gera&ccedil;&atilde;o, sendo um dos produtos mais tecnol&oacute;gicos e econ&ocirc;micos para produ&ccedil;&atilde;o de m&oacute;veis de linhas retas ou que precisam receber pinturas e revestimentos de qualquer material. Apresenta excelente resultado em m&oacute;veis para dormit&oacute;rios, escrit&oacute;rios, cozinhas, pain&eacute;is para decora&ccedil;&atilde;o, prateleiras, tampos e base superior\/inferior. Com o manuseio correto e dispositivos de montagem, pode ser montado e desmontado quantas vezes for necess&aacute;rio.Garantia:3 meses para defeito de f&aacute;brica.Caracter&iacute;sticas:- Preto- Estrutura: MDP revestido com laminado melam&iacute;nico- Acabamento: Pintura BP- 2 Portas- Dobradi&ccedil;as met&aacute;licas- 3 Gavetas- Corredi&ccedil;as met&aacute;licas- P&eacute;s em madeira maci&ccedil;a- Peso suportado: 3 kg por gaveta\/ 10 kg no tampo &#8211; M&oacute;vel entregue desmontado- Montagem n&atilde;o inclusa- Marca: FalkkDimens&otilde;es:Peso: 37,62 kgAltura: 88,2 cmLargura: 120 cmProfundidade: 40 cmOutras Informa&ccedil;&otilde;es:- A Montagem n&atilde;o est&aacute; inclusa ao produto.- Os objetos que ambientam as fotos n&atilde;o acompanham o produto.- Imagens meramente ilustrativas. Cores e tonalidades podem variar.- Antes de comprar o seu produto verifique as medidas, o local onde pretende instalar e se &eacute; necess&aacute;rio contratar o servi&ccedil;o de um profissional qualificado.- Na limpeza n&atilde;o utilizar produtos qu&iacute;micos e abrasivos, usar apenas um pano umedecido, para garantir a maior durabilidade do m&oacute;vel.<\/p>\n<h4>Aproveite e pesquise o pre\u00e7o deste produto em dezenas de lojas dos marketplaces abaixo:<\/h4>\n<p><a href=\"https:\/\/www.magazinevoce.com.br\/magazineezu\/busca\/Buffet Retalho com 2 Portas e 3 Gavetas - Preto\/\" target=\"_blank\" rel=\"noopener\"><img decoding=\"async\" src=\"https:\/\/mvc.mlcdn.com.br\/ad\/2503_superofertas.png\" alt=\"Pesquise no Magazine eZu\" \/> &#8211; da Parceria MAGALU<\/a>.<\/p>\n<p>Ainda n\u00e3o encontrou a melhor op\u00e7\u00e3o de compra? Oferecemos mais uma possibilidade de <strong>busca<\/strong> mais ampla para <a href=\"https:\/\/ecompare.com.br\/lojas\/resultados-da-pesquisa\/?q=Buffet Retalho com 2 Portas e 3 Gavetas - Preto#gsc.tab=0&amp;gsc.q=Buffet Retalho com 2 Portas e 3 Gavetas - Preto&amp;gsc.page=1\" target=\"_blank\" rel=\"noopener\">Buffet Retalho com 2 Portas e 3 Gavetas &#8211; Preto, clique e continue <strong>pesquisando&#8230;<\/strong><\/a><\/p>\n<hr \/>\n","protected":false},"excerpt":{"rendered":"<p>R$ 732.87 nas lojas <a href=\"https:\/\/www.awin1.com\/pclick.php?p=38605497298&#038;a=690303&#038;m=100453\" target=\"_blank\" rel=\"sponsored\">Casa Tema BR<\/a><\/p>\n","protected":false},"author":1,"featured_media":0,"comment_status":"closed","ping_status":"closed","sticky":false,"template":"","format":"standard","meta":{"footnotes":""},"categories":[2],"tags":[503,21],"class_list":["post-74119","post","type-post","status-publish","format-standard","hentry","category-produtos","tag-732-87","tag-casa-tema-br"],"_links":{"self":[{"href":"https:\/\/jr1.com.br\/shopping\/wp-json\/wp\/v2\/posts\/74119","targetHints":{"allow":["GET"]}}],"collection":[{"href":"https:\/\/jr1.com.br\/shopping\/wp-json\/wp\/v2\/posts"}],"about":[{"href":"https:\/\/jr1.com.br\/shopping\/wp-json\/wp\/v2\/types\/post"}],"author":[{"embeddable":true,"href":"https:\/\/jr1.com.br\/shopping\/wp-json\/wp\/v2\/users\/1"}],"replies":[{"embeddable":true,"href":"https:\/\/jr1.com.br\/shopping\/wp-json\/wp\/v2\/comments?post=74119"}],"version-history":[{"count":0,"href":"https:\/\/jr1.com.br\/shopping\/wp-json\/wp\/v2\/posts\/74119\/revisions"}],"wp:attachment":[{"href":"https:\/\/jr1.com.br\/shopping\/wp-json\/wp\/v2\/media?parent=74119"}],"wp:term":[{"taxonomy":"category","embeddable":true,"href":"https:\/\/jr1.com.br\/shopping\/wp-json\/wp\/v2\/categories?post=74119"},{"taxonomy":"post_tag","embeddable":true,"href":"https:\/\/jr1.com.br\/shopping\/wp-json\/wp\/v2\/tags?post=74119"}],"curies":[{"name":"wp","href":"https:\/\/api.w.org\/{rel}","templated":true}]}}