{"id":74170,"date":"2026-03-26T13:15:19","date_gmt":"2026-03-26T13:15:19","guid":{"rendered":"https:\/\/jr1.com.br\/shopping\/2026\/03\/26\/cama-juvenil-solteiro-alta-prime-iii-branco-casatema\/"},"modified":"2026-03-26T13:15:19","modified_gmt":"2026-03-26T13:15:19","slug":"cama-juvenil-solteiro-alta-prime-iii-branco-casatema","status":"publish","type":"post","link":"https:\/\/jr1.com.br\/shopping\/2026\/03\/26\/cama-juvenil-solteiro-alta-prime-iii-branco-casatema\/","title":{"rendered":"Cama Juvenil Solteiro Alta Prime III Branco &#8211; Casatema"},"content":{"rendered":"<h2><\/h2>\n<h3>O pre\u00e7o de Cama Juvenil Solteiro Alta Prime III Branco &#8211; Casatema no dia acima especificado era de <strong>R$ 1490.73<\/strong>.<\/h3>\n<p>Confira o pre\u00e7o atual aqui: <a href=\"https:\/\/www.awin1.com\/pclick.php?p=38605492481&#038;a=690303&#038;m=100453\" rel=\"noopener sponsored\"><img decoding=\"async\" src=\"https:\/\/ui.awin.com\/images\/upload\/merchant\/profile\/100453.png\" alt=\"Cama Juvenil Solteiro Alta Prime III Branco - Casatema\" \/> &#8211; nas lojas Casa Tema BR<\/a><\/p>\n<p><img decoding=\"async\" src=\"https:\/\/casatema.vteximg.com.br\/arquivos\/ids\/779171_2\" alt=\"Cama Juvenil Solteiro Alta Prime III Branco - Casatema\" \/><br \/>\nCama Juvenil Solteiro Alta Prime III &#8211; CasatemaA Cama Alta Prime III se encaixa nos perfis juvenil e solteiro. Descolada e perfeita para ocupar menos espa\u00e7o poss\u00edvel. Material &#8211; Estrutura toda em madeira maci\u00e7a clear, ou seja, madeira selecionada e sem n\u00f3s, real\u00e7ando a beleza natural da madeira, onde \u00e9 laqueada com pintura em Laca Premium, dando aquele toque macio no produto.Projeto &#8211; A cama superior conta com grade em todo seu redor e na parte frontal e uma escada de f\u00e1cil acesso com 4 degraus na lateral.Um recurso inteligente para um quarto pequeno, j\u00e1 que sob a cama fica um v\u00e3o para voc\u00ea encaixar algum outro m\u00f3vel, como escrivaninha, c\u00f4moda ou um despojado arm\u00e1rio baixo. Um grande diferencial dessa pe\u00e7a, \u00e9 a possibilidade de fechar o acabamento do estrado, ou seja, n\u00e3o deixar aparente a parte inferior, basta comparar separadamente em nosso site o Kit Fechamento Estrado Cama Alta Prime III, cuja refer\u00eancia \u00e9 00012540.Refor\u00e7o Adicional de Seguran\u00e7a &#8211; Temos uma preocupa\u00e7\u00e3o muito grande com a seguran\u00e7a das pessoas, por isso nossos projetos possuem um refor\u00e7o adicional na parte de cima da Cama, dando o m\u00e1ximo de seguran\u00e7a e prote\u00e7\u00e3o. Adicionamos neste produto, 4 cantoneiras met\u00e1licas que envolvem as duas barras laterais da cama superior e uma travessa de madeira perpendicular aos estrados, cobrindo toda a extens\u00e3o da cama, desde a cabeceira at\u00e9 a peseira.Longevidade &#8211; Esse m\u00f3vel poder\u00e1 acompanhar as diferentes fases da crian\u00e7a, iniciando com a inf\u00e2ncia, passando pela juvenil e chegando na adulta.SENAI &#8211; Testes em Laborat\u00f3rioProduto testado no laborat\u00f3rio LTMM, Laborat\u00f3rio de Tecnologia da Madeira e Mobili\u00e1rio, seguindo normas EN 747:2015 para beliches e camas altas nos quesitos de seguran\u00e7a, for\u00e7a aplicada e durabilidade. Madeira Maci\u00e7aUma op\u00e7\u00e3o excelente para quem procura m\u00f3veis atraentes, requintados, \u00fanicos e com sofistica\u00e7\u00e3o. Esse tipo de m\u00f3vel \u00e9 sin\u00f4nimo de qualidade e longa vida \u00fatil e, em um momento em que a sustentabilidade est\u00e1 em pauta, os m\u00f3veis de madeira maci\u00e7a podem ser uma boa alternativa ecol\u00f3gica, devido ao seu bom manejo e o benef\u00edcio da reutiliza\u00e7\u00e3o. Assim, al\u00e9m de economia e exclusividade na decora\u00e7\u00e3o, um ambiente decorado com m\u00f3veis de madeira maci\u00e7a \u00e9, tamb\u00e9m, sin\u00f4nimo de cuidado com o meio ambiente. A madeira maci\u00e7a oferece mais resist\u00eancia ao desgaste natural do tempo e maior durabilidade, por causa de suas caracter\u00edsticas naturais e maior resist\u00eancia \u00e0 \u00e1gua do que m\u00f3veis em MDP, ou m\u00f3veis em MDF.Garantia 6 meses &#8211; exclusiva para produtos da marca Casatema:Nos comprometemos a dar garantia sem custos adicionais nas pe\u00e7as ou produtos que apresentarem defeito de fabrica\u00e7\u00e3o, desde que sejam utilizados de acordo com o manual de instru\u00e7\u00f5es. A garantia n\u00e3o vale para casos em que se estiver caracterizado o mau uso do produto.Caracter\u00edsticas &#8211; Branco- Estrutura: madeira maci\u00e7a- Acabamento: laqueado Branco fosco- 1 Cama solteiro- Grades de Prote\u00e7\u00e3o por toda as laterais- 1 Escada com 4 degraus- Indicado: Para colch\u00e3o de 188 x 88 cm. Os colch\u00e3o n\u00e3o est\u00e1 incluso ao produto. Vendidos separadamente.- Indicado: O kit fechamento do estrado n\u00e3o est\u00e1 incluso ao produto. Vendido separadamente. Refer\u00eancia 00012540- Refor\u00e7os para maior estabilidade da cama- Peso suportado: 90 kg &#8211; Refor\u00e7o de sustenta\u00e7\u00e3o nas barras, garantindo maior prote\u00e7\u00e3o para quem dorme embaixo- Entregue desmontado- Marca: CasatemaDimens\u00f5esPeso: 33,5 kgAltura: 172,5 cmAltura da barra at\u00e9 o ch\u00e3o: 135,5 cmLargura: 203,5 cmProfundidade: 99,6 cmOutras Informa\u00e7\u00f5es- Montagem n\u00e3o inclusa.- Na limpeza n\u00e3o utilizar produtos qu\u00edmicos e abrasivos, usar apenas um pano umedecido, para garantir a maior durabilidade do m\u00f3vel.- Os objetos que ambientam as fotos n\u00e3o acompanham o produto.- Imagens meramente ilustrativas. Cores e tonalidades podem variar.- Antes de comprar o seu produto verifique as medidas, o local onde pretende instalar e se \u00e9 necess\u00e1rio contratar o servi\u00e7o de um profissional qualificado.Sobre a MarcaComprometida em oferecer sempre as melhores solu\u00e7\u00f5es para o seu lar, a Casatema \u00e9 uma empresa s\u00f3lida que busca desenvolver produtos e solu\u00e7\u00f5es exclusivas para tornar sua vida mais agrad\u00e1vel. A qualidade de seus produtos, somada ao atendimento diferenciado, garantem a tranquilidade e seguran\u00e7a que s\u00f3 a Casatema oferece a voc\u00ea!<\/p>\n<h4>Aproveite e pesquise o pre\u00e7o deste produto em dezenas de lojas dos marketplaces abaixo:<\/h4>\n<p><a href=\"https:\/\/www.magazinevoce.com.br\/magazineezu\/busca\/Cama Juvenil Solteiro Alta Prime III Branco - Casatema\/\" target=\"_blank\" rel=\"noopener\"><img decoding=\"async\" src=\"https:\/\/mvc.mlcdn.com.br\/ad\/2503_superofertas.png\" alt=\"Pesquise no Magazine eZu\" \/> &#8211; da Parceria MAGALU<\/a>.<\/p>\n<p>Ainda n\u00e3o encontrou a melhor op\u00e7\u00e3o de compra? Oferecemos mais uma possibilidade de <strong>busca<\/strong> mais ampla para <a href=\"https:\/\/ecompare.com.br\/lojas\/resultados-da-pesquisa\/?q=Cama Juvenil Solteiro Alta Prime III Branco - Casatema#gsc.tab=0&amp;gsc.q=Cama Juvenil Solteiro Alta Prime III Branco - Casatema&amp;gsc.page=1\" target=\"_blank\" rel=\"noopener\">Cama Juvenil Solteiro Alta Prime III Branco &#8211; Casatema, clique e continue <strong>pesquisando&#8230;<\/strong><\/a><\/p>\n<hr \/>\n","protected":false},"excerpt":{"rendered":"<p>R$ 1490.73 nas lojas <a href=\"https:\/\/www.awin1.com\/pclick.php?p=38605492481&#038;a=690303&#038;m=100453\" target=\"_blank\" rel=\"sponsored\">Casa Tema BR<\/a><\/p>\n","protected":false},"author":1,"featured_media":0,"comment_status":"closed","ping_status":"closed","sticky":false,"template":"","format":"standard","meta":{"footnotes":""},"categories":[2],"tags":[405,21],"class_list":["post-74170","post","type-post","status-publish","format-standard","hentry","category-produtos","tag-1490-73","tag-casa-tema-br"],"_links":{"self":[{"href":"https:\/\/jr1.com.br\/shopping\/wp-json\/wp\/v2\/posts\/74170","targetHints":{"allow":["GET"]}}],"collection":[{"href":"https:\/\/jr1.com.br\/shopping\/wp-json\/wp\/v2\/posts"}],"about":[{"href":"https:\/\/jr1.com.br\/shopping\/wp-json\/wp\/v2\/types\/post"}],"author":[{"embeddable":true,"href":"https:\/\/jr1.com.br\/shopping\/wp-json\/wp\/v2\/users\/1"}],"replies":[{"embeddable":true,"href":"https:\/\/jr1.com.br\/shopping\/wp-json\/wp\/v2\/comments?post=74170"}],"version-history":[{"count":0,"href":"https:\/\/jr1.com.br\/shopping\/wp-json\/wp\/v2\/posts\/74170\/revisions"}],"wp:attachment":[{"href":"https:\/\/jr1.com.br\/shopping\/wp-json\/wp\/v2\/media?parent=74170"}],"wp:term":[{"taxonomy":"category","embeddable":true,"href":"https:\/\/jr1.com.br\/shopping\/wp-json\/wp\/v2\/categories?post=74170"},{"taxonomy":"post_tag","embeddable":true,"href":"https:\/\/jr1.com.br\/shopping\/wp-json\/wp\/v2\/tags?post=74170"}],"curies":[{"name":"wp","href":"https:\/\/api.w.org\/{rel}","templated":true}]}}