{"id":74236,"date":"2026-03-04T23:37:40","date_gmt":"2026-03-04T23:37:40","guid":{"rendered":"https:\/\/jr1.com.br\/shopping\/2026\/03\/04\/mesa-adele-madeira-130cm-com-vidro-temperado-madeira-off-white\/"},"modified":"2026-03-04T23:37:40","modified_gmt":"2026-03-04T23:37:40","slug":"mesa-adele-madeira-130cm-com-vidro-temperado-madeira-off-white","status":"publish","type":"post","link":"https:\/\/jr1.com.br\/shopping\/2026\/03\/04\/mesa-adele-madeira-130cm-com-vidro-temperado-madeira-off-white\/","title":{"rendered":"Mesa Adele Madeira 130cm com Vidro Temperado &#8211; Madeira\/Off White"},"content":{"rendered":"<h2><\/h2>\n<h3>O pre\u00e7o de Mesa Adele Madeira 130cm com Vidro Temperado &#8211; Madeira\/Off White no dia acima especificado era de <strong>R$ 867.89<\/strong>.<\/h3>\n<p>Confira o pre\u00e7o atual aqui: <a href=\"https:\/\/www.awin1.com\/pclick.php?p=38605497244&#038;a=690303&#038;m=100453\" rel=\"noopener sponsored\"><img decoding=\"async\" src=\"https:\/\/ui.awin.com\/images\/upload\/merchant\/profile\/100453.png\" alt=\"Mesa Adele Madeira 130cm com Vidro Temperado - Madeira\/Off White\" \/> &#8211; nas lojas Casa Tema BR<\/a><\/p>\n<p><img decoding=\"async\" src=\"https:\/\/casatema.vteximg.com.br\/arquivos\/ids\/816784_2\" alt=\"Mesa Adele Madeira 130cm com Vidro Temperado - Madeira\/Off White\" \/><br \/>\nMesa Adele Madeira 130cm com Vidro Temperado &#8211; Madeira\/Off WhiteA Mesa Adele \u00e9 perfeita para a eleg\u00e2ncia de sua sala de jantar. Possui p\u00e9s torneados de madeira com suportes met\u00e1licos e tampo com vidro temperado, deixando o ambiente sofisticado e elegante. Seu formato retangular acomoda um n\u00famero significativo de pessoas.Madeira Maci\u00e7aUma op\u00e7\u00e3o excelente para quem procura m\u00f3veis atraentes, requintados, \u00fanicos e com sofistica\u00e7\u00e3o. Esse tipo de m\u00f3vel \u00e9 sin\u00f4nimo de qualidade e longa vida \u00fatil e, em um momento em que a sustentabilidade est\u00e1 em pauta, os m\u00f3veis de madeira maci\u00e7a podem ser uma boa alternativa ecol\u00f3gica, devido ao seu bom manejo e o benef\u00edcio da reutiliza\u00e7\u00e3o. Assim, al\u00e9m de economia e exclusividade na decora\u00e7\u00e3o, um ambiente decorado com m\u00f3veis de madeira maci\u00e7a \u00e9, tamb\u00e9m, sin\u00f4nimo de cuidado com o meio ambiente. A madeira maci\u00e7a oferece mais resist\u00eancia ao desgaste natural do tempo e maior durabilidade.Garantia: 03 meses de garantia para defeito de f\u00e1bricaCaracter\u00edsticas- Madeira\/Off White- Estrutura: Madeira, MDF e Vidro- Acabamento: Verniz- P\u00e9s torneados de Madeira- Tampo em MDF 25mm- Vidro temperado 4mm serigrafado- Tratamento contra cupim- Peso suportado: at\u00e9 30 kg- Produto entregue desmontado- Marca: CimolDimens\u00f5esAltura: 77 cmLargura: 130 cmProfundidade: 80 cmPeso: 37,5 kgOutras Informa\u00e7\u00f5es- Montagem n\u00e3o inclusa.- Na limpeza n\u00e3o utilizar produtos qu\u00edmicos e abrasivos, usar apenas um pano umedecido, para garantir a maior durabilidade do m\u00f3vel.- Os objetos que ambientam as fotos n\u00e3o acompanham o produto.- Imagens meramente ilustrativas. Cores e tonalidades podem variar.<\/p>\n<h4>Aproveite e pesquise o pre\u00e7o deste produto em dezenas de lojas dos marketplaces abaixo:<\/h4>\n<p><a href=\"https:\/\/www.magazinevoce.com.br\/magazineezu\/busca\/Mesa Adele Madeira 130cm com Vidro Temperado - Madeira\/Off White\/\" target=\"_blank\" rel=\"noopener\"><img decoding=\"async\" src=\"https:\/\/mvc.mlcdn.com.br\/ad\/2503_superofertas.png\" alt=\"Pesquise no Magazine eZu\" \/> &#8211; da Parceria MAGALU<\/a>.<\/p>\n<p>Ainda n\u00e3o encontrou a melhor op\u00e7\u00e3o de compra? Oferecemos mais uma possibilidade de <strong>busca<\/strong> mais ampla para <a href=\"https:\/\/ecompare.com.br\/lojas\/resultados-da-pesquisa\/?q=Mesa Adele Madeira 130cm com Vidro Temperado - Madeira\/Off White#gsc.tab=0&amp;gsc.q=Mesa Adele Madeira 130cm com Vidro Temperado - Madeira\/Off White&amp;gsc.page=1\" target=\"_blank\" rel=\"noopener\">Mesa Adele Madeira 130cm com Vidro Temperado &#8211; Madeira\/Off White, clique e continue <strong>pesquisando&#8230;<\/strong><\/a><\/p>\n<hr \/>\n","protected":false},"excerpt":{"rendered":"<p>R$ 867.89 nas lojas <a href=\"https:\/\/www.awin1.com\/pclick.php?p=38605497244&#038;a=690303&#038;m=100453\" target=\"_blank\" rel=\"sponsored\">Casa Tema BR<\/a><\/p>\n","protected":false},"author":1,"featured_media":0,"comment_status":"closed","ping_status":"closed","sticky":false,"template":"","format":"standard","meta":{"footnotes":""},"categories":[2],"tags":[389,21],"class_list":["post-74236","post","type-post","status-publish","format-standard","hentry","category-produtos","tag-867-89","tag-casa-tema-br"],"_links":{"self":[{"href":"https:\/\/jr1.com.br\/shopping\/wp-json\/wp\/v2\/posts\/74236","targetHints":{"allow":["GET"]}}],"collection":[{"href":"https:\/\/jr1.com.br\/shopping\/wp-json\/wp\/v2\/posts"}],"about":[{"href":"https:\/\/jr1.com.br\/shopping\/wp-json\/wp\/v2\/types\/post"}],"author":[{"embeddable":true,"href":"https:\/\/jr1.com.br\/shopping\/wp-json\/wp\/v2\/users\/1"}],"replies":[{"embeddable":true,"href":"https:\/\/jr1.com.br\/shopping\/wp-json\/wp\/v2\/comments?post=74236"}],"version-history":[{"count":0,"href":"https:\/\/jr1.com.br\/shopping\/wp-json\/wp\/v2\/posts\/74236\/revisions"}],"wp:attachment":[{"href":"https:\/\/jr1.com.br\/shopping\/wp-json\/wp\/v2\/media?parent=74236"}],"wp:term":[{"taxonomy":"category","embeddable":true,"href":"https:\/\/jr1.com.br\/shopping\/wp-json\/wp\/v2\/categories?post=74236"},{"taxonomy":"post_tag","embeddable":true,"href":"https:\/\/jr1.com.br\/shopping\/wp-json\/wp\/v2\/tags?post=74236"}],"curies":[{"name":"wp","href":"https:\/\/api.w.org\/{rel}","templated":true}]}}