{"id":74253,"date":"2026-03-18T13:39:05","date_gmt":"2026-03-18T13:39:05","guid":{"rendered":"https:\/\/jr1.com.br\/shopping\/2026\/03\/18\/mini-berco-multifuncional-moises-com-rodizios-branco\/"},"modified":"2026-03-18T13:39:05","modified_gmt":"2026-03-18T13:39:05","slug":"mini-berco-multifuncional-moises-com-rodizios-branco","status":"publish","type":"post","link":"https:\/\/jr1.com.br\/shopping\/2026\/03\/18\/mini-berco-multifuncional-moises-com-rodizios-branco\/","title":{"rendered":"Mini Ber\u00e7o Multifuncional Mois\u00e9s com Rod\u00edzios- Branco"},"content":{"rendered":"<h2><\/h2>\n<h3>O pre\u00e7o de Mini Ber\u00e7o Multifuncional Mois\u00e9s com Rod\u00edzios- Branco no dia acima especificado era de <strong>R$ 949.57<\/strong>.<\/h3>\n<p>Confira o pre\u00e7o atual aqui: <a href=\"https:\/\/www.awin1.com\/pclick.php?p=38605494229&#038;a=690303&#038;m=100453\" rel=\"noopener sponsored\"><img decoding=\"async\" src=\"https:\/\/ui.awin.com\/images\/upload\/merchant\/profile\/100453.png\" alt=\"Mini Ber\u00e7o Multifuncional Mois\u00e9s com Rod\u00edzios- Branco\" \/> &#8211; nas lojas Casa Tema BR<\/a><\/p>\n<p><img decoding=\"async\" src=\"https:\/\/casatema.vteximg.com.br\/arquivos\/ids\/807873_2\" alt=\"Mini Ber\u00e7o Multifuncional Mois\u00e9s com Rod\u00edzios- Branco\" \/><br \/>\nMini Ber\u00e7o Multifuncional Mois\u00e9s com Rod\u00edzios- BrancoA chegada do beb\u00ea \u00e9 muito esperada, mas a inseguran\u00e7a tamb\u00e9m faz parte desse momento, principalmente se os pais s\u00e3o marinheiros de primeira viagem. E para acalmar os sentimentos e trazer tranquilidade a escolha do ber\u00e7o, dos m\u00f3veis em geral \u00e9 muito importante. Para isso, o Mini Ber\u00e7o Mois\u00e9s com colch\u00e3o foi desenvolvido, uma pe\u00e7a para ficar junto a cama dos pais e assim, trazer muita seguran\u00e7a. Com laterais em acr\u00edlico e bordas arredondadas. Os rod\u00edzio, facilitam o deslocamento do m\u00f3vel.MDFTrata-se de um painel de madeira reconstitu\u00edda, produzido por meio da aglutina\u00e7\u00e3o de fibras de madeira com resinas sint\u00e9ticas e aditivos. As placas de madeira s\u00e3o coladas umas sobre as outras com resina, e fixadas atrav\u00e9s de press\u00e3o. Empregado em partes aparentes dos m\u00f3veis, onde ser\u00e3o aplicados acabamentos. Uma madeira que permite mais criatividade no design dos m\u00f3veis, por isso, \u00e9 indicada em pe\u00e7as que ter\u00e3o partes arredondadas e contornos. O material tamb\u00e9m \u00e9 recomendado em casos de usinagem em baixo relevo e entalhamento.Garantia01 ano para defeito de fabrica\u00e7\u00e3o de F\u00e1bricaCaracter\u00edsticas- Branco Fosco- Estrutura: MDF- Acabamento: Pintura UV- Lateral em acr\u00edlico- Estrado com regulagem de altura (1\u00b053cm\/2\u00b033,5cm\/3\u00b014,5cm)- Rod\u00edzios- Colch\u00e3o Incluso- Produto 3 em 1: Mini Ber\u00e7o, Trocador ou Escrivaninha- Peso suportado: 25 kg- M\u00f3vel entregue desmontado- Marca: DivicarDimens\u00f5esPeso: 23,9 KgAltura: 90,5 cmLargura: 89,6 cmLargura: 56 cmOutras Informa\u00e7\u00f5es- Montagem n\u00e3o inclusa.- Na limpeza n\u00e3o utilizar produtos qu\u00edmicos e abrasivos, usar pano levemente umedecido, para garantir a maior durabilidade do m\u00f3vel.- Os objetos que ambientam as fotos n\u00e3o acompanham o produto.- Imagens meramente ilustrativas. Cores e tonalidades podem variar.- Antes de comprar o seu produto verifique as medidas, o local onde pretende instalar e se \u00e9 necess\u00e1rio contratar o servi\u00e7o de um profissional qualificado.<\/p>\n<h4>Aproveite e pesquise o pre\u00e7o deste produto em dezenas de lojas dos marketplaces abaixo:<\/h4>\n<p><a href=\"https:\/\/www.magazinevoce.com.br\/magazineezu\/busca\/Mini Ber\u00e7o Multifuncional Mois\u00e9s com Rod\u00edzios- Branco\/\" target=\"_blank\" rel=\"noopener\"><img decoding=\"async\" src=\"https:\/\/mvc.mlcdn.com.br\/ad\/2503_superofertas.png\" alt=\"Pesquise no Magazine eZu\" \/> &#8211; da Parceria MAGALU<\/a>.<\/p>\n<p>Ainda n\u00e3o encontrou a melhor op\u00e7\u00e3o de compra? Oferecemos mais uma possibilidade de <strong>busca<\/strong> mais ampla para <a href=\"https:\/\/ecompare.com.br\/lojas\/resultados-da-pesquisa\/?q=Mini Ber\u00e7o Multifuncional Mois\u00e9s com Rod\u00edzios- Branco#gsc.tab=0&amp;gsc.q=Mini Ber\u00e7o Multifuncional Mois\u00e9s com Rod\u00edzios- Branco&amp;gsc.page=1\" target=\"_blank\" rel=\"noopener\">Mini Ber\u00e7o Multifuncional Mois\u00e9s com Rod\u00edzios- Branco, clique e continue <strong>pesquisando&#8230;<\/strong><\/a><\/p>\n<hr \/>\n","protected":false},"excerpt":{"rendered":"<p>R$ 949.57 nas lojas <a href=\"https:\/\/www.awin1.com\/pclick.php?p=38605494229&#038;a=690303&#038;m=100453\" target=\"_blank\" rel=\"sponsored\">Casa Tema BR<\/a><\/p>\n","protected":false},"author":1,"featured_media":0,"comment_status":"closed","ping_status":"closed","sticky":false,"template":"","format":"standard","meta":{"footnotes":""},"categories":[2],"tags":[391,21],"class_list":["post-74253","post","type-post","status-publish","format-standard","hentry","category-produtos","tag-949-57","tag-casa-tema-br"],"_links":{"self":[{"href":"https:\/\/jr1.com.br\/shopping\/wp-json\/wp\/v2\/posts\/74253","targetHints":{"allow":["GET"]}}],"collection":[{"href":"https:\/\/jr1.com.br\/shopping\/wp-json\/wp\/v2\/posts"}],"about":[{"href":"https:\/\/jr1.com.br\/shopping\/wp-json\/wp\/v2\/types\/post"}],"author":[{"embeddable":true,"href":"https:\/\/jr1.com.br\/shopping\/wp-json\/wp\/v2\/users\/1"}],"replies":[{"embeddable":true,"href":"https:\/\/jr1.com.br\/shopping\/wp-json\/wp\/v2\/comments?post=74253"}],"version-history":[{"count":0,"href":"https:\/\/jr1.com.br\/shopping\/wp-json\/wp\/v2\/posts\/74253\/revisions"}],"wp:attachment":[{"href":"https:\/\/jr1.com.br\/shopping\/wp-json\/wp\/v2\/media?parent=74253"}],"wp:term":[{"taxonomy":"category","embeddable":true,"href":"https:\/\/jr1.com.br\/shopping\/wp-json\/wp\/v2\/categories?post=74253"},{"taxonomy":"post_tag","embeddable":true,"href":"https:\/\/jr1.com.br\/shopping\/wp-json\/wp\/v2\/tags?post=74253"}],"curies":[{"name":"wp","href":"https:\/\/api.w.org\/{rel}","templated":true}]}}