{"id":74272,"date":"2026-03-12T01:56:45","date_gmt":"2026-03-12T01:56:45","guid":{"rendered":"https:\/\/jr1.com.br\/shopping\/2026\/03\/12\/rack-retro-1-porta-e-3-nichos-branco-rustico\/"},"modified":"2026-03-12T01:56:45","modified_gmt":"2026-03-12T01:56:45","slug":"rack-retro-1-porta-e-3-nichos-branco-rustico","status":"publish","type":"post","link":"https:\/\/jr1.com.br\/shopping\/2026\/03\/12\/rack-retro-1-porta-e-3-nichos-branco-rustico\/","title":{"rendered":"Rack Retr\u00f4 1 Porta e 3 Nichos &#8211; Branco\/R\u00fastico"},"content":{"rendered":"<h2><\/h2>\n<h3>O pre\u00e7o de Rack Retr\u00f4 1 Porta e 3 Nichos &#8211; Branco\/R\u00fastico no dia acima especificado era de <strong>R$ 306.30<\/strong>.<\/h3>\n<p>Confira o pre\u00e7o atual aqui: <a href=\"https:\/\/www.awin1.com\/pclick.php?p=38605497282&#038;a=690303&#038;m=100453\" rel=\"noopener sponsored\"><img decoding=\"async\" src=\"https:\/\/ui.awin.com\/images\/upload\/merchant\/profile\/100453.png\" alt=\"Rack Retr\u00f4 1 Porta e 3 Nichos - Branco\/R\u00fastico\" \/> &#8211; nas lojas Casa Tema BR<\/a><\/p>\n<p><img decoding=\"async\" src=\"https:\/\/casatema.vteximg.com.br\/arquivos\/ids\/752147_2\" alt=\"Rack Retr\u00f4 1 Porta e 3 Nichos - Branco\/R\u00fastico\" \/><br \/>\nRack Retr\u00f4 1 Porta 3 Nichos Branco e R\u00fastico &#8211; M\u00f3vel Bento O Rack Retr\u00f4 \u00e9 para trazer eleg\u00e2ncia para sua sala de TV. Um m\u00f3vel ao estilo retr\u00f4, por\u00e9m inovador. Perfeito para ambientes menores, com 1 porta, tampo extenso e 3 nichos para voc\u00ea acomodar os eletr\u00f4nicos, expor os objetos de cora\u00e7\u00e3o, al\u00e9m da TV. O dueto de cores traz leveza e descontra\u00e7\u00e3o ao ambiente. Os p\u00e9s s\u00e3o torneados e inclinados, a estrutura em MDP e acabamento UV.MDP Formado por tr\u00eas camadas de part\u00edculas de madeira, uma mais grossa no meio e duas finas nas superf\u00edcies. Esse tipo de composi\u00e7\u00e3o faz com que o produto tenha uma maior resist\u00eancia estrutural, fazendo com que aguente mais peso, apesar de ser mais leve que o MDF. J\u00e1 o MDP \u00e9 mais utilizado em m\u00f3veis de espessura grossa, pois ele \u00e9 mais leve e tem uma boa estrutura, aguentando mais peso. Outra vantagem \u00e9 que ele \u00e9 mais resistente \u00e0 umidade.Garantia 03 Meses para defeito de fabrica\u00e7\u00e3o de F\u00e1bricaCaracter\u00edsticas &#8211; Cor: Branco e R\u00fastico.- Estrutura: MDP.- Acabamento: UV.- 1 Porta.- 1 Prateleira.- 1 Puxadores em ABS.- 4 P\u00e9s em madeira.- Peso suportado: 30 kg.- Marca M\u00f3vel Bento.Dimens\u00f5esPeso: 19 Kg.Altura: 57 cmLargura: 130 cmProfundidade: 37 cmImportante- A montagem n\u00e3o inclusa. &#8211; Na limpeza n\u00e3o utilizar produtos qu\u00edmicos e abrasivos, usar apenas um pano levemente umedecido e secar, com pano seco para garantir maior durabilidade da pe\u00e7a.- Os objetos que ambientam as fotos n\u00e3o acompanham o produto.- Imagens meramente ilustrativas. Cores e tonalidades podem variar.- Antes de comprar o seu produto verifique as medidas, o local onde pretende instalar e se \u00e9 necess\u00e1rio contratar o servi\u00e7o de um profissional qualificado.<\/p>\n<h4>Aproveite e pesquise o pre\u00e7o deste produto em dezenas de lojas dos marketplaces abaixo:<\/h4>\n<p><a href=\"https:\/\/www.magazinevoce.com.br\/magazineezu\/busca\/Rack Retr\u00f4 1 Porta e 3 Nichos - Branco\/R\u00fastico\/\" target=\"_blank\" rel=\"noopener\"><img decoding=\"async\" src=\"https:\/\/mvc.mlcdn.com.br\/ad\/2503_superofertas.png\" alt=\"Pesquise no Magazine eZu\" \/> &#8211; da Parceria MAGALU<\/a>.<\/p>\n<p>Ainda n\u00e3o encontrou a melhor op\u00e7\u00e3o de compra? Oferecemos mais uma possibilidade de <strong>busca<\/strong> mais ampla para <a href=\"https:\/\/ecompare.com.br\/lojas\/resultados-da-pesquisa\/?q=Rack Retr\u00f4 1 Porta e 3 Nichos - Branco\/R\u00fastico#gsc.tab=0&amp;gsc.q=Rack Retr\u00f4 1 Porta e 3 Nichos - Branco\/R\u00fastico&amp;gsc.page=1\" target=\"_blank\" rel=\"noopener\">Rack Retr\u00f4 1 Porta e 3 Nichos &#8211; Branco\/R\u00fastico, clique e continue <strong>pesquisando&#8230;<\/strong><\/a><\/p>\n<hr \/>\n","protected":false},"excerpt":{"rendered":"<p>R$ 306.30 nas lojas <a href=\"https:\/\/www.awin1.com\/pclick.php?p=38605497282&#038;a=690303&#038;m=100453\" target=\"_blank\" rel=\"sponsored\">Casa Tema BR<\/a><\/p>\n","protected":false},"author":1,"featured_media":0,"comment_status":"closed","ping_status":"closed","sticky":false,"template":"","format":"standard","meta":{"footnotes":""},"categories":[2],"tags":[273,21],"class_list":["post-74272","post","type-post","status-publish","format-standard","hentry","category-produtos","tag-306-30","tag-casa-tema-br"],"_links":{"self":[{"href":"https:\/\/jr1.com.br\/shopping\/wp-json\/wp\/v2\/posts\/74272","targetHints":{"allow":["GET"]}}],"collection":[{"href":"https:\/\/jr1.com.br\/shopping\/wp-json\/wp\/v2\/posts"}],"about":[{"href":"https:\/\/jr1.com.br\/shopping\/wp-json\/wp\/v2\/types\/post"}],"author":[{"embeddable":true,"href":"https:\/\/jr1.com.br\/shopping\/wp-json\/wp\/v2\/users\/1"}],"replies":[{"embeddable":true,"href":"https:\/\/jr1.com.br\/shopping\/wp-json\/wp\/v2\/comments?post=74272"}],"version-history":[{"count":0,"href":"https:\/\/jr1.com.br\/shopping\/wp-json\/wp\/v2\/posts\/74272\/revisions"}],"wp:attachment":[{"href":"https:\/\/jr1.com.br\/shopping\/wp-json\/wp\/v2\/media?parent=74272"}],"wp:term":[{"taxonomy":"category","embeddable":true,"href":"https:\/\/jr1.com.br\/shopping\/wp-json\/wp\/v2\/categories?post=74272"},{"taxonomy":"post_tag","embeddable":true,"href":"https:\/\/jr1.com.br\/shopping\/wp-json\/wp\/v2\/tags?post=74272"}],"curies":[{"name":"wp","href":"https:\/\/api.w.org\/{rel}","templated":true}]}}