{"id":74304,"date":"2026-03-15T19:10:27","date_gmt":"2026-03-15T19:10:27","guid":{"rendered":"https:\/\/jr1.com.br\/shopping\/2026\/03\/15\/rack-classe-com-2-prateleiras-de-vidro-120-cm-100-mdf-branco\/"},"modified":"2026-03-15T19:10:27","modified_gmt":"2026-03-15T19:10:27","slug":"rack-classe-com-2-prateleiras-de-vidro-120-cm-100-mdf-branco","status":"publish","type":"post","link":"https:\/\/jr1.com.br\/shopping\/2026\/03\/15\/rack-classe-com-2-prateleiras-de-vidro-120-cm-100-mdf-branco\/","title":{"rendered":"Rack Classe com 2 Prateleiras de Vidro 120 cm 100% MDF &#8211; Branco"},"content":{"rendered":"<h2><\/h2>\n<h3>O pre\u00e7o de Rack Classe com 2 Prateleiras de Vidro 120 cm 100% MDF &#8211; Branco no dia acima especificado era de <strong>R$ 872.99<\/strong>.<\/h3>\n<p>Confira o pre\u00e7o atual aqui: <a href=\"https:\/\/www.awin1.com\/pclick.php?p=38605497042&#038;a=690303&#038;m=100453\" rel=\"noopener sponsored\"><img decoding=\"async\" src=\"https:\/\/ui.awin.com\/images\/upload\/merchant\/profile\/100453.png\" alt=\"Rack Classe com 2 Prateleiras de Vidro 120 cm 100% MDF - Branco\" \/> &#8211; nas lojas Casa Tema BR<\/a><\/p>\n<p><img decoding=\"async\" src=\"https:\/\/casatema.vteximg.com.br\/arquivos\/ids\/773584_2\" alt=\"Rack Classe com 2 Prateleiras de Vidro 120 cm 100% MDF - Branco\" \/><br \/>\nRack Classe com 2 Prateleiras de Vidro 120 cm &#8211; BrancoPensando em renovar sua sala de estar? O Rack Classe \u00e9 uma excelente escolha, uma pe\u00e7a de design cl\u00e1ssico, por\u00e9m bem atual. O espa\u00e7o interno \u00e9 incr\u00edvel, s\u00e3o 2 portas e 2 prateleiras de vidro. Tudo isso para voc\u00ea guardar ou expor os aparelhos eletr\u00f4nicos e objetos de decora\u00e7\u00e3o. Produzido em MDF e acabamento em pintura UV, que d\u00e1 maior durabilidade e qualidade ao produto. MDF Trata-se de um painel de madeira reconstitu\u00edda, produzido por meio da aglutina\u00e7\u00e3o de fibras de madeira com resinas sint\u00e9ticas e aditivos. As placas de madeira s\u00e3o coladas umas sobre as outras com resina, e fixadas atrav\u00e9s de press\u00e3o. Empregado em partes aparentes dos m\u00f3veis, onde ser\u00e3o aplicados acabamentos. Uma madeira que permite mais criatividade no design dos m\u00f3veis, por isso, \u00e9 indicada em pe\u00e7as que ter\u00e3o partes arredondadas e contornos. O material tamb\u00e9m \u00e9 recomendado em casos de usinagem em baixo relevo e entalhamento.Garantia 03 Meses para defeito de fabrica\u00e7\u00e3o de F\u00e1bricaCaracter\u00edsticas &#8211; Branco- Estrutura: MDF- Acabamento: Pintura UV- 2 Portas- Dobradi\u00e7as com amortelecedor- 2 Prateleiras em vidro- Selo FSC- Peso suportado no tampo: 50 kg- Peso suportado por prateleira: 20 kg &#8211; Marca: ArtemobiliDimens\u00f5esPeso: 30 KgAltura: 51,6 cmLargura: 120 cmProfundidade: 40 cmImportante- Montagem n\u00e3o inclusa ao produto. Montagem vendida separadamente.- Acompanha manual de montagem.- Na limpeza n\u00e3o utilizar produtos qu\u00edmicos e abrasivos, usar apenas um pano levemente umedecido e secar, com pano seco para garantir maior durabilidade da pe\u00e7a.- Os objetos que ambientam as fotos n\u00e3o acompanham o produto.- Imagens meramente ilustrativas. Cores e tonalidades podem variar.- Antes de comprar o seu produto verifique as medidas, o local onde pretende instalar e se \u00e9 necess\u00e1rio contratar o servi\u00e7o de um profissional qualificado.<\/p>\n<h4>Aproveite e pesquise o pre\u00e7o deste produto em dezenas de lojas dos marketplaces abaixo:<\/h4>\n<p><a href=\"https:\/\/www.magazinevoce.com.br\/magazineezu\/busca\/Rack Classe com 2 Prateleiras de Vidro 120 cm 100% MDF - Branco\/\" target=\"_blank\" rel=\"noopener\"><img decoding=\"async\" src=\"https:\/\/mvc.mlcdn.com.br\/ad\/2503_superofertas.png\" alt=\"Pesquise no Magazine eZu\" \/> &#8211; da Parceria MAGALU<\/a>.<\/p>\n<p>Ainda n\u00e3o encontrou a melhor op\u00e7\u00e3o de compra? Oferecemos mais uma possibilidade de <strong>busca<\/strong> mais ampla para <a href=\"https:\/\/ecompare.com.br\/lojas\/resultados-da-pesquisa\/?q=Rack Classe com 2 Prateleiras de Vidro 120 cm 100% MDF - Branco#gsc.tab=0&amp;gsc.q=Rack Classe com 2 Prateleiras de Vidro 120 cm 100% MDF - Branco&amp;gsc.page=1\" target=\"_blank\" rel=\"noopener\">Rack Classe com 2 Prateleiras de Vidro 120 cm 100% MDF &#8211; Branco, clique e continue <strong>pesquisando&#8230;<\/strong><\/a><\/p>\n<hr \/>\n","protected":false},"excerpt":{"rendered":"<p>R$ 872.99 nas lojas <a href=\"https:\/\/www.awin1.com\/pclick.php?p=38605497042&#038;a=690303&#038;m=100453\" target=\"_blank\" rel=\"sponsored\">Casa Tema BR<\/a><\/p>\n","protected":false},"author":1,"featured_media":0,"comment_status":"closed","ping_status":"closed","sticky":false,"template":"","format":"standard","meta":{"footnotes":""},"categories":[2],"tags":[556,21],"class_list":["post-74304","post","type-post","status-publish","format-standard","hentry","category-produtos","tag-872-99","tag-casa-tema-br"],"_links":{"self":[{"href":"https:\/\/jr1.com.br\/shopping\/wp-json\/wp\/v2\/posts\/74304","targetHints":{"allow":["GET"]}}],"collection":[{"href":"https:\/\/jr1.com.br\/shopping\/wp-json\/wp\/v2\/posts"}],"about":[{"href":"https:\/\/jr1.com.br\/shopping\/wp-json\/wp\/v2\/types\/post"}],"author":[{"embeddable":true,"href":"https:\/\/jr1.com.br\/shopping\/wp-json\/wp\/v2\/users\/1"}],"replies":[{"embeddable":true,"href":"https:\/\/jr1.com.br\/shopping\/wp-json\/wp\/v2\/comments?post=74304"}],"version-history":[{"count":0,"href":"https:\/\/jr1.com.br\/shopping\/wp-json\/wp\/v2\/posts\/74304\/revisions"}],"wp:attachment":[{"href":"https:\/\/jr1.com.br\/shopping\/wp-json\/wp\/v2\/media?parent=74304"}],"wp:term":[{"taxonomy":"category","embeddable":true,"href":"https:\/\/jr1.com.br\/shopping\/wp-json\/wp\/v2\/categories?post=74304"},{"taxonomy":"post_tag","embeddable":true,"href":"https:\/\/jr1.com.br\/shopping\/wp-json\/wp\/v2\/tags?post=74304"}],"curies":[{"name":"wp","href":"https:\/\/api.w.org\/{rel}","templated":true}]}}