{"id":74357,"date":"2026-03-09T18:35:28","date_gmt":"2026-03-09T18:35:28","guid":{"rendered":"https:\/\/jr1.com.br\/shopping\/2026\/03\/09\/mesa-de-cabeceira-com-1-gaveta-e-1-tomada-bivolt-preto-nogal\/"},"modified":"2026-03-09T18:35:28","modified_gmt":"2026-03-09T18:35:28","slug":"mesa-de-cabeceira-com-1-gaveta-e-1-tomada-bivolt-preto-nogal","status":"publish","type":"post","link":"https:\/\/jr1.com.br\/shopping\/2026\/03\/09\/mesa-de-cabeceira-com-1-gaveta-e-1-tomada-bivolt-preto-nogal\/","title":{"rendered":"Mesa de Cabeceira com 1 Gaveta e 1 Tomada Bivolt &#8211; Preto\/Nogal"},"content":{"rendered":"<h2><\/h2>\n<h3>O pre\u00e7o de Mesa de Cabeceira com 1 Gaveta e 1 Tomada Bivolt &#8211; Preto\/Nogal no dia acima especificado era de <strong>R$ 260.36<\/strong>.<\/h3>\n<p>Confira o pre\u00e7o atual aqui: <a href=\"https:\/\/www.awin1.com\/pclick.php?p=38605497383&#038;a=690303&#038;m=100453\" rel=\"noopener sponsored\"><img decoding=\"async\" src=\"https:\/\/ui.awin.com\/images\/upload\/merchant\/profile\/100453.png\" alt=\"Mesa de Cabeceira com 1 Gaveta e 1 Tomada Bivolt - Preto\/Nogal\" \/> &#8211; nas lojas Casa Tema BR<\/a><\/p>\n<p><img decoding=\"async\" src=\"https:\/\/casatema.vteximg.com.br\/arquivos\/ids\/749543_2\" alt=\"Mesa de Cabeceira com 1 Gaveta e 1 Tomada Bivolt - Preto\/Nogal\" \/><br \/>\nMesa de Cabeceira com 1 Gaveta e 1 Tomada Bivolt Preto e Nogal &ndash; Tecno MobiliVoc&ecirc; sente que precisa d&aacute; um Up no quarto, mas n&atilde;o sabe o que fazer? Ainda n&atilde;o tem um m&oacute;vel moderno para colocar um lindo abajur e servir de mesa de apoio? Para voc&ecirc; apresentamos o Mesa de Cabeceira AZ1016, uma pe&ccedil;a para trazer funcionalidade e organiza&ccedil;&atilde;o e requinte. Com 1 gaveta e 1 prateleira para guardar o livro de cabeceira, pe&ccedil;as decorativas e pequenos objetos pessoais, al&eacute;m do grande diferencial desse m&oacute;vel, 1 tomada bivolt para voc&ecirc; carregar o celular de forma segura.MDPPainel de madeira formado por part&iacute;culas de madeira de m&eacute;dia densidade, &eacute; tamb&eacute;m o mais consumido no mundo. &Eacute; produzido em prensas cont&iacute;nuas de &uacute;ltima gera&ccedil;&atilde;o, sendo um dos produtos mais tecnol&oacute;gicos e econ&ocirc;micos para produ&ccedil;&atilde;o de m&oacute;veis de linhas retas ou que precisam receber pinturas e revestimentos de qualquer material. Apresenta excelente resultado em m&oacute;veis para dormit&oacute;rios, escrit&oacute;rios, cozinhas, pain&eacute;is para decora&ccedil;&atilde;o, prateleiras, tampos e base superior\/inferior. Com o manuseio correto e dispositivos de montagem, &ldquo;pode ser montado e desmontado quantas vezes for necess&aacute;rio&rdquo;.Garantia03 Meses para defeito de fabrica&ccedil;&atilde;o de F&aacute;bricaMarcaTecno MobiliCaracter&iacute;sticasCor: Preto e Nogal.Estrutura: MDP.Acabamento: BP.1 Mesa de Cabeceira.1 Gaveta.1 Prateleira.1 Tomada Bivolt.Peso suportado no tampo: 15 Kg.Peso suportado na gaveta: 3 Kg.Peso suportado na prateleira: 5kg.Dimens&otilde;esPeso: 8,9 Kg.Altura: 54,5 cmLargura: 41 cmProfundidade: 35,5 cmImportanteMontagem n&atilde;o inclusa ao produto.Acompanha manual de montagem.Na limpeza n&atilde;o utilizar produtos qu&iacute;micos e abrasivos, usar apenas um pano levemente umedecido e secar, com pano seco para garantir maior durabilidade da pe&ccedil;a.Os objetos que ambientam as fotos n&atilde;o acompanham o produto.Imagens meramente ilustrativas. Cores e tonalidades podem variar.Antes de comprar o seu produto verifique as medidas, o local onde pretende instalar e se &eacute; necess&aacute;rio contratar o servi&ccedil;o de um profissional qualificado.<\/p>\n<h4>Aproveite e pesquise o pre\u00e7o deste produto em dezenas de lojas dos marketplaces abaixo:<\/h4>\n<p><a href=\"https:\/\/www.magazinevoce.com.br\/magazineezu\/busca\/Mesa de Cabeceira com 1 Gaveta e 1 Tomada Bivolt - Preto\/Nogal\/\" target=\"_blank\" rel=\"noopener\"><img decoding=\"async\" src=\"https:\/\/mvc.mlcdn.com.br\/ad\/2503_superofertas.png\" alt=\"Pesquise no Magazine eZu\" \/> &#8211; da Parceria MAGALU<\/a>.<\/p>\n<p>Ainda n\u00e3o encontrou a melhor op\u00e7\u00e3o de compra? Oferecemos mais uma possibilidade de <strong>busca<\/strong> mais ampla para <a href=\"https:\/\/ecompare.com.br\/lojas\/resultados-da-pesquisa\/?q=Mesa de Cabeceira com 1 Gaveta e 1 Tomada Bivolt - Preto\/Nogal#gsc.tab=0&amp;gsc.q=Mesa de Cabeceira com 1 Gaveta e 1 Tomada Bivolt - Preto\/Nogal&amp;gsc.page=1\" target=\"_blank\" rel=\"noopener\">Mesa de Cabeceira com 1 Gaveta e 1 Tomada Bivolt &#8211; Preto\/Nogal, clique e continue <strong>pesquisando&#8230;<\/strong><\/a><\/p>\n<hr \/>\n","protected":false},"excerpt":{"rendered":"<p>R$ 260.36 nas lojas <a href=\"https:\/\/www.awin1.com\/pclick.php?p=38605497383&#038;a=690303&#038;m=100453\" target=\"_blank\" rel=\"sponsored\">Casa Tema BR<\/a><\/p>\n","protected":false},"author":1,"featured_media":0,"comment_status":"closed","ping_status":"closed","sticky":false,"template":"","format":"standard","meta":{"footnotes":""},"categories":[2],"tags":[304,21],"class_list":["post-74357","post","type-post","status-publish","format-standard","hentry","category-produtos","tag-260-36","tag-casa-tema-br"],"_links":{"self":[{"href":"https:\/\/jr1.com.br\/shopping\/wp-json\/wp\/v2\/posts\/74357","targetHints":{"allow":["GET"]}}],"collection":[{"href":"https:\/\/jr1.com.br\/shopping\/wp-json\/wp\/v2\/posts"}],"about":[{"href":"https:\/\/jr1.com.br\/shopping\/wp-json\/wp\/v2\/types\/post"}],"author":[{"embeddable":true,"href":"https:\/\/jr1.com.br\/shopping\/wp-json\/wp\/v2\/users\/1"}],"replies":[{"embeddable":true,"href":"https:\/\/jr1.com.br\/shopping\/wp-json\/wp\/v2\/comments?post=74357"}],"version-history":[{"count":0,"href":"https:\/\/jr1.com.br\/shopping\/wp-json\/wp\/v2\/posts\/74357\/revisions"}],"wp:attachment":[{"href":"https:\/\/jr1.com.br\/shopping\/wp-json\/wp\/v2\/media?parent=74357"}],"wp:term":[{"taxonomy":"category","embeddable":true,"href":"https:\/\/jr1.com.br\/shopping\/wp-json\/wp\/v2\/categories?post=74357"},{"taxonomy":"post_tag","embeddable":true,"href":"https:\/\/jr1.com.br\/shopping\/wp-json\/wp\/v2\/tags?post=74357"}],"curies":[{"name":"wp","href":"https:\/\/api.w.org\/{rel}","templated":true}]}}