{"id":74582,"date":"2026-03-17T04:03:40","date_gmt":"2026-03-17T04:03:40","guid":{"rendered":"https:\/\/jr1.com.br\/shopping\/2026\/03\/17\/rack-yara-com-2-portas-nogueira-off-white\/"},"modified":"2026-03-17T04:03:40","modified_gmt":"2026-03-17T04:03:40","slug":"rack-yara-com-2-portas-nogueira-off-white","status":"publish","type":"post","link":"https:\/\/jr1.com.br\/shopping\/2026\/03\/17\/rack-yara-com-2-portas-nogueira-off-white\/","title":{"rendered":"Rack Yara com 2 Portas &#8211; Nogueira\/Off White"},"content":{"rendered":"<h2><\/h2>\n<h3>O pre\u00e7o de Rack Yara com 2 Portas &#8211; Nogueira\/Off White no dia acima especificado era de <strong>R$ 387.99<\/strong>.<\/h3>\n<p>Confira o pre\u00e7o atual aqui: <a href=\"https:\/\/www.awin1.com\/pclick.php?p=38605492935&#038;a=690303&#038;m=100453\" rel=\"noopener sponsored\"><img decoding=\"async\" src=\"https:\/\/ui.awin.com\/images\/upload\/merchant\/profile\/100453.png\" alt=\"Rack Yara com 2 Portas - Nogueira\/Off White\" \/> &#8211; nas lojas Casa Tema BR<\/a><\/p>\n<p><img decoding=\"async\" src=\"https:\/\/casatema.vteximg.com.br\/arquivos\/ids\/828840_2\" alt=\"Rack Yara com 2 Portas - Nogueira\/Off White\" \/><br \/>\nRack Yara com 2 Portas &#8211; Nogueira\/Off WhiteEst\u00e1 \u00e0 procura de um rack para sala moderno e com muito espa\u00e7o para voc\u00ea guardar objetos e os aparelhos eletr\u00f4nicos? Pensando no seu desejo o Rack Yara foi desenvolvido, uma pe\u00e7a com uma quantidade de espa\u00e7o incr\u00edvel e al\u00e9m disso, de uma beleza deslumbrante. Com 2 portas e 3 nichos com muito espa\u00e7o para guardar objetos.MDPPainel de madeira formado por part\u00edculas de madeira de m\u00e9dia densidade, \u00e9 tamb\u00e9m o mais consumido no mundo. \u00c9 produzido em prensas cont\u00ednuas de \u00faltima gera\u00e7\u00e3o, sendo um dos produtos mais tecnol\u00f3gicos e econ\u00f4micos para produ\u00e7\u00e3o de m\u00f3veis de linhas retas ou que precisam receber pinturas e revestimentos de qualquer material. Apresenta excelente resultado em m\u00f3veis para dormit\u00f3rios, escrit\u00f3rios, cozinhas, pain\u00e9is para decora\u00e7\u00e3o, prateleiras, tampos e base superior\/inferior. Com o manuseio correto e dispositivos de montagem, pode ser montado e desmontado quantas vezes for necess\u00e1rio.Garantia03 meses para defeito de f\u00e1brica.Caracter\u00edsticas- Nogueira\/Off White- Estrutura: MDP- Acabamento: Pintura UV- Passa fio- 2 Portas- 3 Nichos- Rod\u00edzios embutidos- Para TV at\u00e9 47&#8243; (n\u00e3o incluso)- Peso suportado: 50 kg- M\u00f3vel entregue desmontado. Montagem n\u00e3o inclusa- Marca: ColibriDimens\u00f5esPeso: 31 kgAltura: 68,9 cmLargura: 136 cmProfundidade: 37,4 cmOutras Informa\u00e7\u00f5es- Montagem n\u00e3o inclusa.- Na limpeza n\u00e3o utilizar produtos qu\u00edmicos e abrasivos, usar apenas um pano umedecido, para garantir a maior durabilidade do m\u00f3vel.- Os objetos que ambientam as fotos n\u00e3o acompanham o produto.- Imagens meramente ilustrativas. Cores e tonalidades podem variar.- Antes de comprar o seu produto verifique as medidas, o local onde pretende instalar e se \u00e9 necess\u00e1rio contratar o servi\u00e7o de um profissional qualificado.<\/p>\n<h4>Aproveite e pesquise o pre\u00e7o deste produto em dezenas de lojas dos marketplaces abaixo:<\/h4>\n<p><a href=\"https:\/\/www.magazinevoce.com.br\/magazineezu\/busca\/Rack Yara com 2 Portas - Nogueira\/Off White\/\" target=\"_blank\" rel=\"noopener\"><img decoding=\"async\" src=\"https:\/\/mvc.mlcdn.com.br\/ad\/2503_superofertas.png\" alt=\"Pesquise no Magazine eZu\" \/> &#8211; da Parceria MAGALU<\/a>.<\/p>\n<p>Ainda n\u00e3o encontrou a melhor op\u00e7\u00e3o de compra? Oferecemos mais uma possibilidade de <strong>busca<\/strong> mais ampla para <a href=\"https:\/\/ecompare.com.br\/lojas\/resultados-da-pesquisa\/?q=Rack Yara com 2 Portas - Nogueira\/Off White#gsc.tab=0&amp;gsc.q=Rack Yara com 2 Portas - Nogueira\/Off White&amp;gsc.page=1\" target=\"_blank\" rel=\"noopener\">Rack Yara com 2 Portas &#8211; Nogueira\/Off White, clique e continue <strong>pesquisando&#8230;<\/strong><\/a><\/p>\n<hr \/>\n","protected":false},"excerpt":{"rendered":"<p>R$ 387.99 nas lojas <a href=\"https:\/\/www.awin1.com\/pclick.php?p=38605492935&#038;a=690303&#038;m=100453\" target=\"_blank\" rel=\"sponsored\">Casa Tema BR<\/a><\/p>\n","protected":false},"author":1,"featured_media":0,"comment_status":"closed","ping_status":"closed","sticky":false,"template":"","format":"standard","meta":{"footnotes":""},"categories":[2],"tags":[278,21],"class_list":["post-74582","post","type-post","status-publish","format-standard","hentry","category-produtos","tag-387-99","tag-casa-tema-br"],"_links":{"self":[{"href":"https:\/\/jr1.com.br\/shopping\/wp-json\/wp\/v2\/posts\/74582","targetHints":{"allow":["GET"]}}],"collection":[{"href":"https:\/\/jr1.com.br\/shopping\/wp-json\/wp\/v2\/posts"}],"about":[{"href":"https:\/\/jr1.com.br\/shopping\/wp-json\/wp\/v2\/types\/post"}],"author":[{"embeddable":true,"href":"https:\/\/jr1.com.br\/shopping\/wp-json\/wp\/v2\/users\/1"}],"replies":[{"embeddable":true,"href":"https:\/\/jr1.com.br\/shopping\/wp-json\/wp\/v2\/comments?post=74582"}],"version-history":[{"count":0,"href":"https:\/\/jr1.com.br\/shopping\/wp-json\/wp\/v2\/posts\/74582\/revisions"}],"wp:attachment":[{"href":"https:\/\/jr1.com.br\/shopping\/wp-json\/wp\/v2\/media?parent=74582"}],"wp:term":[{"taxonomy":"category","embeddable":true,"href":"https:\/\/jr1.com.br\/shopping\/wp-json\/wp\/v2\/categories?post=74582"},{"taxonomy":"post_tag","embeddable":true,"href":"https:\/\/jr1.com.br\/shopping\/wp-json\/wp\/v2\/tags?post=74582"}],"curies":[{"name":"wp","href":"https:\/\/api.w.org\/{rel}","templated":true}]}}