{"id":74645,"date":"2026-03-05T18:19:05","date_gmt":"2026-03-05T18:19:05","guid":{"rendered":"https:\/\/jr1.com.br\/shopping\/2026\/03\/05\/quarto-de-bebe-com-berco-3-em-1-86x1366x78cm-e-comoda-4-gavetas-favo-de-mel-completa-moveis-itapua-branco\/"},"modified":"2026-03-05T18:19:05","modified_gmt":"2026-03-05T18:19:05","slug":"quarto-de-bebe-com-berco-3-em-1-86x1366x78cm-e-comoda-4-gavetas-favo-de-mel-completa-moveis-itapua-branco","status":"publish","type":"post","link":"https:\/\/jr1.com.br\/shopping\/2026\/03\/05\/quarto-de-bebe-com-berco-3-em-1-86x1366x78cm-e-comoda-4-gavetas-favo-de-mel-completa-moveis-itapua-branco\/","title":{"rendered":"Quarto de Beb\u00ea com Ber\u00e7o 3 em 1 86&#215;136,6x78cm e C\u00f4moda 4 Gavetas Favo de Mel Completa M\u00f3veis Itapu\u00e3\/Branco"},"content":{"rendered":"<h2><\/h2>\n<h3>O pre\u00e7o de Quarto de Beb\u00ea com Ber\u00e7o 3 em 1 86&#215;136,6x78cm e C\u00f4moda 4 Gavetas Favo de Mel Completa M\u00f3veis Itapu\u00e3\/Branco no dia acima especificado era de <strong>R$ 980.18<\/strong>.<\/h3>\n<p>Confira o pre\u00e7o atual aqui: <a href=\"https:\/\/www.awin1.com\/pclick.php?p=38605493024&#038;a=690303&#038;m=100453\" rel=\"noopener sponsored\"><img decoding=\"async\" src=\"https:\/\/ui.awin.com\/images\/upload\/merchant\/profile\/100453.png\" alt=\"Quarto de Beb\u00ea com Ber\u00e7o 3 em 1 86x136,6x78cm e C\u00f4moda 4 Gavetas Favo de Mel Completa M\u00f3veis Itapu\u00e3\/Branco\" \/> &#8211; nas lojas Casa Tema BR<\/a><\/p>\n<p><img decoding=\"async\" src=\"https:\/\/casatema.vteximg.com.br\/arquivos\/ids\/835086_2\" alt=\"Quarto de Beb\u00ea com Ber\u00e7o 3 em 1 86x136,6x78cm e C\u00f4moda 4 Gavetas Favo de Mel Completa M\u00f3veis Itapu\u00e3\/Branco\" \/><br \/>\nConjunto Favo de Mel Ber\u00e7o Mini Cama 3 em 1 e C\u00f4moda &#8211; BrancoO Conjunto Favo de Mel \u00e9 para os papais que procuram praticidade em um s\u00f3 pedido, com ber\u00e7o e c\u00f4moda vendidos juntos. Acompanha Ber\u00e7o 3 em 1 e C\u00f4moda 4 Gavetas Favo de Mel. O ber\u00e7o possui com regulagens de altura e pode ser montado tamb\u00e9m como mini cama ou mini sof\u00e1. Conjunto lindo e de excelente qualidade para o quartinho do seu bem mais precioso.MDPPainel de madeira formado por part\u00edculas de madeira de m\u00e9dia densidade, \u00e9 tamb\u00e9m o mais consumido no mundo. \u00c9 produzido em prensas cont\u00ednuas de \u00faltima gera\u00e7\u00e3o, sendo um dos produtos mais tecnol\u00f3gicos e econ\u00f4micos para produ\u00e7\u00e3o de m\u00f3veis de linhas retas ou que precisam receber pinturas e revestimentos de qualquer material. Apresenta excelente resultado em m\u00f3veis para dormit\u00f3rios, escrit\u00f3rios, cozinhas, pain\u00e9is para decora\u00e7\u00e3o, prateleiras, tampos e base superior\/inferior. Com o manuseio correto e dispositivos de montagem, pode ser montado e desmontado quantas vezes for necess\u00e1rio.Garantia03 meses para defeitos de f\u00e1bricaCaracter\u00edsticas do Ber\u00e7o- Branco- Estrutura: MDP 15mm \/ Grades em MDF- Revestimento: BP- Estrado com 03 regulagens de altura (21cm\/35cm\/49cm at\u00e9 o ch\u00e3o)- Para colch\u00e3o 130x60cm (n\u00e3o incluso)- Ber\u00e7o 3 em 1, vira mini cama ou mini sof\u00e1- Suporte para mosquiteiro- Peso Suportado: At\u00e9 30kg- Certificado pela Certa OCP 0033 &#8211; Registro 002491\/2018 &#8211; Inmetro- M\u00f3vel entregue desmontado- Marca: Completa M\u00f3veisCaracter\u00edsticas da C\u00f4moda- Branco- Estrutura: MDP 15mm &#8211; Revestimento: BP- 4 Gavetas- Corredi\u00e7as met\u00e1licas- Puxadores em PVC- Peso Suportado: At\u00e9 27kg- M\u00f3vel entregue desmontado- Marca: Completa M\u00f3veisDimens\u00f5es do Ber\u00e7oPeso: 37,15 kgAltura: 86 cmLargura: 133,6 cmProfundidade: 68 cmDimens\u00f5es da C\u00f4modaPeso: 29 kgAltura: 84,5 cmLargura: 71,5 cmProfundidade: 45 cmOutras Informa\u00e7\u00f5es- Montagem n\u00e3o inclusa.- Na limpeza n\u00e3o utilizar produtos qu\u00edmicos e abrasivos, usar apenas um pano umedecido, para garantir a maior durabilidade do m\u00f3vel.- Os objetos que ambientam as fotos n\u00e3o acompanham o produto.- Imagens meramente ilustrativas. Cores e tonalidades podem variar.- Antes de comprar o seu produto verifique as medidas, o local onde pretende instalar e se \u00e9 necess\u00e1rio contratar o servi\u00e7o de um profissional qualificado.<\/p>\n<h4>Aproveite e pesquise o pre\u00e7o deste produto em dezenas de lojas dos marketplaces abaixo:<\/h4>\n<p><a href=\"https:\/\/www.magazinevoce.com.br\/magazineezu\/busca\/Quarto de Beb\u00ea com Ber\u00e7o 3 em 1 86x136,6x78cm e C\u00f4moda 4 Gavetas Favo de Mel Completa M\u00f3veis Itapu\u00e3\/Branco\/\" target=\"_blank\" rel=\"noopener\"><img decoding=\"async\" src=\"https:\/\/mvc.mlcdn.com.br\/ad\/2503_superofertas.png\" alt=\"Pesquise no Magazine eZu\" \/> &#8211; da Parceria MAGALU<\/a>.<\/p>\n<p>Ainda n\u00e3o encontrou a melhor op\u00e7\u00e3o de compra? Oferecemos mais uma possibilidade de <strong>busca<\/strong> mais ampla para <a href=\"https:\/\/ecompare.com.br\/lojas\/resultados-da-pesquisa\/?q=Quarto de Beb\u00ea com Ber\u00e7o 3 em 1 86x136,6x78cm e C\u00f4moda 4 Gavetas Favo de Mel Completa M\u00f3veis Itapu\u00e3\/Branco#gsc.tab=0&amp;gsc.q=Quarto de Beb\u00ea com Ber\u00e7o 3 em 1 86x136,6x78cm e C\u00f4moda 4 Gavetas Favo de Mel Completa M\u00f3veis Itapu\u00e3\/Branco&amp;gsc.page=1\" target=\"_blank\" rel=\"noopener\">Quarto de Beb\u00ea com Ber\u00e7o 3 em 1 86&#215;136,6x78cm e C\u00f4moda 4 Gavetas Favo de Mel Completa M\u00f3veis Itapu\u00e3\/Branco, clique e continue <strong>pesquisando&#8230;<\/strong><\/a><\/p>\n<hr \/>\n","protected":false},"excerpt":{"rendered":"<p>R$ 980.18 nas lojas <a href=\"https:\/\/www.awin1.com\/pclick.php?p=38605493024&#038;a=690303&#038;m=100453\" target=\"_blank\" rel=\"sponsored\">Casa Tema BR<\/a><\/p>\n","protected":false},"author":1,"featured_media":0,"comment_status":"closed","ping_status":"closed","sticky":false,"template":"","format":"standard","meta":{"footnotes":""},"categories":[2],"tags":[407,21],"class_list":["post-74645","post","type-post","status-publish","format-standard","hentry","category-produtos","tag-980-18","tag-casa-tema-br"],"_links":{"self":[{"href":"https:\/\/jr1.com.br\/shopping\/wp-json\/wp\/v2\/posts\/74645","targetHints":{"allow":["GET"]}}],"collection":[{"href":"https:\/\/jr1.com.br\/shopping\/wp-json\/wp\/v2\/posts"}],"about":[{"href":"https:\/\/jr1.com.br\/shopping\/wp-json\/wp\/v2\/types\/post"}],"author":[{"embeddable":true,"href":"https:\/\/jr1.com.br\/shopping\/wp-json\/wp\/v2\/users\/1"}],"replies":[{"embeddable":true,"href":"https:\/\/jr1.com.br\/shopping\/wp-json\/wp\/v2\/comments?post=74645"}],"version-history":[{"count":0,"href":"https:\/\/jr1.com.br\/shopping\/wp-json\/wp\/v2\/posts\/74645\/revisions"}],"wp:attachment":[{"href":"https:\/\/jr1.com.br\/shopping\/wp-json\/wp\/v2\/media?parent=74645"}],"wp:term":[{"taxonomy":"category","embeddable":true,"href":"https:\/\/jr1.com.br\/shopping\/wp-json\/wp\/v2\/categories?post=74645"},{"taxonomy":"post_tag","embeddable":true,"href":"https:\/\/jr1.com.br\/shopping\/wp-json\/wp\/v2\/tags?post=74645"}],"curies":[{"name":"wp","href":"https:\/\/api.w.org\/{rel}","templated":true}]}}