{"id":74779,"date":"2026-03-10T20:57:54","date_gmt":"2026-03-10T20:57:54","guid":{"rendered":"https:\/\/jr1.com.br\/shopping\/2026\/03\/10\/comoda-prata-com-4-gavetas-off-white-freijo\/"},"modified":"2026-03-10T20:57:54","modified_gmt":"2026-03-10T20:57:54","slug":"comoda-prata-com-4-gavetas-off-white-freijo","status":"publish","type":"post","link":"https:\/\/jr1.com.br\/shopping\/2026\/03\/10\/comoda-prata-com-4-gavetas-off-white-freijo\/","title":{"rendered":"C\u00f4moda Prata com 4 Gavetas &#8211; Off White\/Freij\u00f3"},"content":{"rendered":"<h2><\/h2>\n<h3>O pre\u00e7o de C\u00f4moda Prata com 4 Gavetas &#8211; Off White\/Freij\u00f3 no dia acima especificado era de <strong>R$ 841.85<\/strong>.<\/h3>\n<p>Confira o pre\u00e7o atual aqui: <a href=\"https:\/\/www.awin1.com\/pclick.php?p=38605493124&#038;a=690303&#038;m=100453\" rel=\"noopener sponsored\"><img decoding=\"async\" src=\"https:\/\/ui.awin.com\/images\/upload\/merchant\/profile\/100453.png\" alt=\"C\u00f4moda Prata com 4 Gavetas - Off White\/Freij\u00f3\" \/> &#8211; nas lojas Casa Tema BR<\/a><\/p>\n<p><img decoding=\"async\" src=\"https:\/\/casatema.vteximg.com.br\/arquivos\/ids\/838857_2\" alt=\"C\u00f4moda Prata com 4 Gavetas - Off White\/Freij\u00f3\" \/><br \/>\nC&ocirc;moda Prata com 4 Gavetas &#8211; Off White\/Freij&oacute; A C&ocirc;moda Prata foi elaborada para transmitir conforto, equil&iacute;brio e eleg&acirc;ncia. Com sua estrutura em partes de Madeira Maci&ccedil;a, acabamentos sofisticados, proporciona uma est&eacute;tica &uacute;nica nas cores Off White e Freij&oacute;. A c&ocirc;moda conta com quatro gavetas com corredi&ccedil;as telesc&oacute;picas, &oacute;timo e amplo espa&ccedil;o para organizar de acordo com sua necessidade. Faz parte da linha Prata, a qual possui outros m&oacute;veis de mesma est&eacute;tica, vendidos separadamente. Madeira Maci&ccedil;aUma op&ccedil;&atilde;o excelente para quem procura m&oacute;veis atraentes, requintados, &uacute;nicos e com sofistica&ccedil;&atilde;o. Esse tipo de m&oacute;vel &eacute; sin&ocirc;nimo de qualidade e longa vida &uacute;til e, em um momento em que a sustentabilidade est&aacute; em pauta, os m&oacute;veis de madeira maci&ccedil;a podem ser uma boa alternativa ecol&oacute;gica, devido ao seu bom manejo e o benef&iacute;cio da reutiliza&ccedil;&atilde;o. Assim, al&eacute;m de economia e exclusividade na decora&ccedil;&atilde;o, um ambiente decorado com m&oacute;veis de madeira maci&ccedil;a &eacute;, tamb&eacute;m, sin&ocirc;nimo de cuidado com o meio ambiente. A madeira maci&ccedil;a oferece mais resist&ecirc;ncia ao desgaste natural do tempo e maior durabilidade, por causa de suas caracter&iacute;sticas naturais e maior resist&ecirc;ncia &agrave; &aacute;gua do que m&oacute;veis em MDP, ou m&oacute;veis em MDF. Garantia03 meses para defeitos de f&aacute;brica Caracter&iacute;sticas- Off White\/Freij&oacute;- Estrutura: Madeira Maci&ccedil;a\/MDF- Acabamento: Pintura Acetinada Verniz PU e UV- 4 Gavetas- Corredi&ccedil;as telesc&oacute;picas- Puxador cava- Peso Suportado: At&eacute; 5kg por gaveta- M&oacute;vel entregue desmontado- Isolamento de pe&ccedil;as com manta de polietileno expandido- Marca: Finestra Dimens&otilde;esPeso: 35,10 kgAltura: 99 cmLargura: 80,8 cmProfundidade: 40 cm Outra Informa&ccedil;&otilde;es- Na limpeza n&atilde;o utilizar produtos qu&iacute;micos e abrasivos, usar apenas um pano seco, para garantir a maior durabilidade do m&oacute;vel.- Os objetos que ambientam as fotos n&atilde;o acompanham o produto.- Imagens meramente ilustrativas. Cores e tonalidades podem variar.- Antes de comprar o seu produto verifique as medidas, o local onde pretende instalar e se &eacute; necess&aacute;rio contratar o servi&ccedil;o de um profissional qualificado.<\/p>\n<h4>Aproveite e pesquise o pre\u00e7o deste produto em dezenas de lojas dos marketplaces abaixo:<\/h4>\n<p><a href=\"https:\/\/www.magazinevoce.com.br\/magazineezu\/busca\/C\u00f4moda Prata com 4 Gavetas - Off White\/Freij\u00f3\/\" target=\"_blank\" rel=\"noopener\"><img decoding=\"async\" src=\"https:\/\/mvc.mlcdn.com.br\/ad\/2503_superofertas.png\" alt=\"Pesquise no Magazine eZu\" \/> &#8211; da Parceria MAGALU<\/a>.<\/p>\n<p>Ainda n\u00e3o encontrou a melhor op\u00e7\u00e3o de compra? Oferecemos mais uma possibilidade de <strong>busca<\/strong> mais ampla para <a href=\"https:\/\/ecompare.com.br\/lojas\/resultados-da-pesquisa\/?q=C\u00f4moda Prata com 4 Gavetas - Off White\/Freij\u00f3#gsc.tab=0&amp;gsc.q=C\u00f4moda Prata com 4 Gavetas - Off White\/Freij\u00f3&amp;gsc.page=1\" target=\"_blank\" rel=\"noopener\">C\u00f4moda Prata com 4 Gavetas &#8211; Off White\/Freij\u00f3, clique e continue <strong>pesquisando&#8230;<\/strong><\/a><\/p>\n<hr \/>\n","protected":false},"excerpt":{"rendered":"<p>R$ 841.85 nas lojas <a href=\"https:\/\/www.awin1.com\/pclick.php?p=38605493124&#038;a=690303&#038;m=100453\" target=\"_blank\" rel=\"sponsored\">Casa Tema BR<\/a><\/p>\n","protected":false},"author":1,"featured_media":0,"comment_status":"closed","ping_status":"closed","sticky":false,"template":"","format":"standard","meta":{"footnotes":""},"categories":[2],"tags":[697,21],"class_list":["post-74779","post","type-post","status-publish","format-standard","hentry","category-produtos","tag-841-85","tag-casa-tema-br"],"_links":{"self":[{"href":"https:\/\/jr1.com.br\/shopping\/wp-json\/wp\/v2\/posts\/74779","targetHints":{"allow":["GET"]}}],"collection":[{"href":"https:\/\/jr1.com.br\/shopping\/wp-json\/wp\/v2\/posts"}],"about":[{"href":"https:\/\/jr1.com.br\/shopping\/wp-json\/wp\/v2\/types\/post"}],"author":[{"embeddable":true,"href":"https:\/\/jr1.com.br\/shopping\/wp-json\/wp\/v2\/users\/1"}],"replies":[{"embeddable":true,"href":"https:\/\/jr1.com.br\/shopping\/wp-json\/wp\/v2\/comments?post=74779"}],"version-history":[{"count":0,"href":"https:\/\/jr1.com.br\/shopping\/wp-json\/wp\/v2\/posts\/74779\/revisions"}],"wp:attachment":[{"href":"https:\/\/jr1.com.br\/shopping\/wp-json\/wp\/v2\/media?parent=74779"}],"wp:term":[{"taxonomy":"category","embeddable":true,"href":"https:\/\/jr1.com.br\/shopping\/wp-json\/wp\/v2\/categories?post=74779"},{"taxonomy":"post_tag","embeddable":true,"href":"https:\/\/jr1.com.br\/shopping\/wp-json\/wp\/v2\/tags?post=74779"}],"curies":[{"name":"wp","href":"https:\/\/api.w.org\/{rel}","templated":true}]}}