{"id":75002,"date":"2026-03-29T06:49:41","date_gmt":"2026-03-29T06:49:41","guid":{"rendered":"https:\/\/jr1.com.br\/shopping\/2026\/03\/29\/rack-com-painel-niteroi-para-tv-de-ate-70-freijo-off-white-preto\/"},"modified":"2026-03-29T06:49:41","modified_gmt":"2026-03-29T06:49:41","slug":"rack-com-painel-niteroi-para-tv-de-ate-70-freijo-off-white-preto","status":"publish","type":"post","link":"https:\/\/jr1.com.br\/shopping\/2026\/03\/29\/rack-com-painel-niteroi-para-tv-de-ate-70-freijo-off-white-preto\/","title":{"rendered":"Rack com Painel Niter\u00f3i para TV de at\u00e9 70&#8243; &#8211; Freij\u00f3\/Off White\/Preto"},"content":{"rendered":"<h2><\/h2>\n<h3>O pre\u00e7o de Rack com Painel Niter\u00f3i para TV de at\u00e9 70&#8243; &#8211; Freij\u00f3\/Off White\/Preto no dia acima especificado era de <strong>R$ 1398.83<\/strong>.<\/h3>\n<p>Confira o pre\u00e7o atual aqui: <a href=\"https:\/\/www.awin1.com\/pclick.php?p=38605493352&#038;a=690303&#038;m=100453\" rel=\"noopener sponsored\"><img decoding=\"async\" src=\"https:\/\/ui.awin.com\/images\/upload\/merchant\/profile\/100453.png\" alt=\"Rack com Painel Niter\u00f3i para TV de at\u00e9 70\" - Freij\u00f3\/Off White\/Preto\" \/> &#8211; nas lojas Casa Tema BR<\/a><\/p>\n<p><img decoding=\"async\" src=\"https:\/\/casatema.vteximg.com.br\/arquivos\/ids\/843607_2\" alt=\"Rack com Painel Niter\u00f3i para TV de at\u00e9 70\" - Freij\u00f3\/Off White\/Preto\" \/><br \/>\nRack com Painel Niter&oacute;i para TV de at&eacute; 70&#8243; &#8211; Freij&oacute;\/Off White\/Preto Est&aacute; &agrave; procura de um rack para sala moderno e com muito espa&ccedil;o para voc&ecirc; guardar objetos e os aparelhos eletr&ocirc;nicos? Pensando no seu desejo o Rack com Painel Niter&oacute;i foi desenvolvido, uma pe&ccedil;a com uma quantidade de espa&ccedil;o incr&iacute;vel e al&eacute;m disso, de uma beleza deslumbrante. Com 3 portas, 2 nichos e 2 prateleira com muito espa&ccedil;o para guardar objetos.MDPPainel de madeira formado por part&iacute;culas de madeira de m&eacute;dia densidade, &eacute; tamb&eacute;m o mais consumido no mundo. &Eacute; produzido em prensas cont&iacute;nuas de &uacute;ltima gera&ccedil;&atilde;o, sendo um dos produtos mais tecnol&oacute;gicos e econ&ocirc;micos para produ&ccedil;&atilde;o de m&oacute;veis de linhas retas ou que precisam receber pinturas e revestimentos de qualquer material. Apresenta excelente resultado em m&oacute;veis para dormit&oacute;rios, escrit&oacute;rios, cozinhas, pain&eacute;is para decora&ccedil;&atilde;o, prateleiras, tampos e base superior\/inferior. Com o manuseio correto e dispositivos de montagem, pode ser montado e desmontado quantas vezes for necess&aacute;rio. Garantia:03 meses para defeito de f&aacute;brica. Caracter&iacute;sticas:- Freij&oacute;\/Off White\/Preto- Estrutura: MDP- Acabamento: Pintura UV- Detalhes em metal- Passa fio- 3 Portas- 2 Prateleira com ilumina&ccedil;&atilde;o em LED- Espelho- 2 Nichos- Para TV at&eacute; 70&#8243; (n&atilde;o incluso)- Peso suportado: Nichos maiores 5kg\/Tampo 10 kg- M&oacute;vel entregue desmontado. Montagem n&atilde;o inclusa- Marca: ColibriDimens&otilde;es:Peso: 116,30 kgAltura: 191 cmLargura: 210 cmProfundidade: 44,9 cm Outras Informa&ccedil;&otilde;es- Na limpeza n&atilde;o utilizar produtos qu&iacute;micos e abrasivos, usar apenas um pano umedecido, seguido de pano seco, para garantir a maior durabilidade do m&oacute;vel- Os objetos que ambientam as fotos n&atilde;o acompanham o produto- Imagens meramente ilustrativas. Cores e tonalidades podem variar- Antes de comprar o seu produto verifique as medidas, o local onde pretende instalar e se &eacute; necess&aacute;rio contratar o servi&ccedil;o de um profissional qualificado.<\/p>\n<h4>Aproveite e pesquise o pre\u00e7o deste produto em dezenas de lojas dos marketplaces abaixo:<\/h4>\n<p><a href=\"https:\/\/www.magazinevoce.com.br\/magazineezu\/busca\/Rack com Painel Niter\u00f3i para TV de at\u00e9 70\" - Freij\u00f3\/Off White\/Preto\/\" target=\"_blank\" rel=\"noopener\"><img decoding=\"async\" src=\"https:\/\/mvc.mlcdn.com.br\/ad\/2503_superofertas.png\" alt=\"Pesquise no Magazine eZu\" \/> &#8211; da Parceria MAGALU<\/a>.<\/p>\n<p>Ainda n\u00e3o encontrou a melhor op\u00e7\u00e3o de compra? Oferecemos mais uma possibilidade de <strong>busca<\/strong> mais ampla para <a href=\"https:\/\/ecompare.com.br\/lojas\/resultados-da-pesquisa\/?q=Rack com Painel Niter\u00f3i para TV de at\u00e9 70\" - Freij\u00f3\/Off White\/Preto#gsc.tab=0&amp;gsc.q=Rack com Painel Niter\u00f3i para TV de at\u00e9 70\" - Freij\u00f3\/Off White\/Preto&amp;gsc.page=1\" target=\"_blank\" rel=\"noopener\">Rack com Painel Niter\u00f3i para TV de at\u00e9 70&#8243; &#8211; Freij\u00f3\/Off White\/Preto, clique e continue <strong>pesquisando&#8230;<\/strong><\/a><\/p>\n<hr \/>\n","protected":false},"excerpt":{"rendered":"<p>R$ 1398.83 nas lojas <a href=\"https:\/\/www.awin1.com\/pclick.php?p=38605493352&#038;a=690303&#038;m=100453\" target=\"_blank\" rel=\"sponsored\">Casa Tema BR<\/a><\/p>\n","protected":false},"author":1,"featured_media":0,"comment_status":"closed","ping_status":"closed","sticky":false,"template":"","format":"standard","meta":{"footnotes":""},"categories":[2],"tags":[400,21],"class_list":["post-75002","post","type-post","status-publish","format-standard","hentry","category-produtos","tag-1398-83","tag-casa-tema-br"],"_links":{"self":[{"href":"https:\/\/jr1.com.br\/shopping\/wp-json\/wp\/v2\/posts\/75002","targetHints":{"allow":["GET"]}}],"collection":[{"href":"https:\/\/jr1.com.br\/shopping\/wp-json\/wp\/v2\/posts"}],"about":[{"href":"https:\/\/jr1.com.br\/shopping\/wp-json\/wp\/v2\/types\/post"}],"author":[{"embeddable":true,"href":"https:\/\/jr1.com.br\/shopping\/wp-json\/wp\/v2\/users\/1"}],"replies":[{"embeddable":true,"href":"https:\/\/jr1.com.br\/shopping\/wp-json\/wp\/v2\/comments?post=75002"}],"version-history":[{"count":0,"href":"https:\/\/jr1.com.br\/shopping\/wp-json\/wp\/v2\/posts\/75002\/revisions"}],"wp:attachment":[{"href":"https:\/\/jr1.com.br\/shopping\/wp-json\/wp\/v2\/media?parent=75002"}],"wp:term":[{"taxonomy":"category","embeddable":true,"href":"https:\/\/jr1.com.br\/shopping\/wp-json\/wp\/v2\/categories?post=75002"},{"taxonomy":"post_tag","embeddable":true,"href":"https:\/\/jr1.com.br\/shopping\/wp-json\/wp\/v2\/tags?post=75002"}],"curies":[{"name":"wp","href":"https:\/\/api.w.org\/{rel}","templated":true}]}}