{"id":75144,"date":"2026-03-12T17:33:09","date_gmt":"2026-03-12T17:33:09","guid":{"rendered":"https:\/\/jr1.com.br\/shopping\/2026\/03\/12\/estante-closet-industrial-com-2-portas-e-1-prateleira-preto\/"},"modified":"2026-03-12T17:33:09","modified_gmt":"2026-03-12T17:33:09","slug":"estante-closet-industrial-com-2-portas-e-1-prateleira-preto","status":"publish","type":"post","link":"https:\/\/jr1.com.br\/shopping\/2026\/03\/12\/estante-closet-industrial-com-2-portas-e-1-prateleira-preto\/","title":{"rendered":"Estante Closet Industrial com 2 Portas e 1 Prateleira &#8211; Preto"},"content":{"rendered":"<h2><\/h2>\n<h3>O pre\u00e7o de Estante Closet Industrial com 2 Portas e 1 Prateleira &#8211; Preto no dia acima especificado era de <strong>R$ 429.90<\/strong>.<\/h3>\n<p>Confira o pre\u00e7o atual aqui: <a href=\"https:\/\/www.awin1.com\/pclick.php?p=38605493499&#038;a=690303&#038;m=100453\" rel=\"noopener sponsored\"><img decoding=\"async\" src=\"https:\/\/ui.awin.com\/images\/upload\/merchant\/profile\/100453.png\" alt=\"Estante Closet Industrial com 2 Portas e 1 Prateleira - Preto\" \/> &#8211; nas lojas Casa Tema BR<\/a><\/p>\n<p><img decoding=\"async\" src=\"https:\/\/casatema.vteximg.com.br\/arquivos\/ids\/844840_2\" alt=\"Estante Closet Industrial com 2 Portas e 1 Prateleira - Preto\" \/><br \/>\nEstante Closet Industrial com 2 Portas e 1 Prateleira &#8211; PretoA Estante Closet se destaca por seu estilo industrial que se inspira nas instala&ccedil;&otilde;es de f&aacute;bricas das grandes cidades. Conta com 2 portas, 1 cabideiro e 1 prateleira interna produzidos em MDP e &eacute; perfeita para decorar e organizar. Ideal para os amantes dessa tend&ecirc;ncia que mistura o r&uacute;stico ao urbano, dando ainda mais personalidade ao seu espa&ccedil;o. As laterais da estante s&atilde;o fabricadas com Tubos de A&ccedil;o. Para um ambiente moderno &eacute; necess&aacute;rio escolher m&oacute;veis arrojados, &uacute;nicos, que ir&atilde;o impressionar logo &agrave; primeira vista.MDPPainel de madeira formado por part&iacute;culas de madeira de m&eacute;dia densidade, &eacute; tamb&eacute;m o mais consumido no mundo. &Eacute; produzido em prensas cont&iacute;nuas de &uacute;ltima gera&ccedil;&atilde;o, sendo um dos produtos mais tecnol&oacute;gicos e econ&ocirc;micos para produ&ccedil;&atilde;o de m&oacute;veis de linhas retas ou que precisam receber pinturas e revestimentos de qualquer material. Apresenta excelente resultado em m&oacute;veis para dormit&oacute;rios, escrit&oacute;rios, cozinhas, pain&eacute;is para decora&ccedil;&atilde;o, prateleiras, tampos e base superior\/inferior. Com o manuseio correto e dispositivos de montagem, pode ser montado e desmontado quantas vezes for necess&aacute;rio.Garantia3 meses para defeito de fabricaCaracter&iacute;sticas&nbsp;&#8211; Preto- Estrutura: MDP\/Tubos de A&ccedil;o- Revestimento\/Acabamento: BP\/Ep&oacute;xi- 2 Portas- Dobradi&ccedil;as met&aacute;licas- 1 Cabideiro- 1 Prateleira interna- Peso suportado: 5 kg por prateleira- M&oacute;vel entregue desmontado- Montagem n&atilde;o inclusa- Marca: Placa e PontoDimens&otilde;es&nbsp;Peso: 25 kgAltura: 180 cmLargura: 74 cmProfundidade: 35,8 cmOutras informa&ccedil;&otilde;es- A Montagem n&atilde;o est&aacute; inclusa ao produto.- Os objetos que ambientam as fotos n&atilde;o acompanham o produto.- Imagens meramente ilustrativas. Cores e tonalidades podem variar.- Antes de comprar o seu produto verifique as medidas, o local onde pretende instalar e se &eacute; necess&aacute;rio contratar o servi&ccedil;o de um profissional qualificado.- Na limpeza n&atilde;o utilizar produtos qu&iacute;micos e abrasivos, usar apenas um pano umedecido, para garantir a maior durabilidade do m&oacute;vel.<\/p>\n<h4>Aproveite e pesquise o pre\u00e7o deste produto em dezenas de lojas dos marketplaces abaixo:<\/h4>\n<p><a href=\"https:\/\/www.magazinevoce.com.br\/magazineezu\/busca\/Estante Closet Industrial com 2 Portas e 1 Prateleira - Preto\/\" target=\"_blank\" rel=\"noopener\"><img decoding=\"async\" src=\"https:\/\/mvc.mlcdn.com.br\/ad\/2503_superofertas.png\" alt=\"Pesquise no Magazine eZu\" \/> &#8211; da Parceria MAGALU<\/a>.<\/p>\n<p>Ainda n\u00e3o encontrou a melhor op\u00e7\u00e3o de compra? Oferecemos mais uma possibilidade de <strong>busca<\/strong> mais ampla para <a href=\"https:\/\/ecompare.com.br\/lojas\/resultados-da-pesquisa\/?q=Estante Closet Industrial com 2 Portas e 1 Prateleira - Preto#gsc.tab=0&amp;gsc.q=Estante Closet Industrial com 2 Portas e 1 Prateleira - Preto&amp;gsc.page=1\" target=\"_blank\" rel=\"noopener\">Estante Closet Industrial com 2 Portas e 1 Prateleira &#8211; Preto, clique e continue <strong>pesquisando&#8230;<\/strong><\/a><\/p>\n<hr \/>\n","protected":false},"excerpt":{"rendered":"<p>R$ 429.90 nas lojas <a href=\"https:\/\/www.awin1.com\/pclick.php?p=38605493499&#038;a=690303&#038;m=100453\" target=\"_blank\" rel=\"sponsored\">Casa Tema BR<\/a><\/p>\n","protected":false},"author":1,"featured_media":0,"comment_status":"closed","ping_status":"closed","sticky":false,"template":"","format":"standard","meta":{"footnotes":""},"categories":[2],"tags":[753,21],"class_list":["post-75144","post","type-post","status-publish","format-standard","hentry","category-produtos","tag-429-90","tag-casa-tema-br"],"_links":{"self":[{"href":"https:\/\/jr1.com.br\/shopping\/wp-json\/wp\/v2\/posts\/75144","targetHints":{"allow":["GET"]}}],"collection":[{"href":"https:\/\/jr1.com.br\/shopping\/wp-json\/wp\/v2\/posts"}],"about":[{"href":"https:\/\/jr1.com.br\/shopping\/wp-json\/wp\/v2\/types\/post"}],"author":[{"embeddable":true,"href":"https:\/\/jr1.com.br\/shopping\/wp-json\/wp\/v2\/users\/1"}],"replies":[{"embeddable":true,"href":"https:\/\/jr1.com.br\/shopping\/wp-json\/wp\/v2\/comments?post=75144"}],"version-history":[{"count":0,"href":"https:\/\/jr1.com.br\/shopping\/wp-json\/wp\/v2\/posts\/75144\/revisions"}],"wp:attachment":[{"href":"https:\/\/jr1.com.br\/shopping\/wp-json\/wp\/v2\/media?parent=75144"}],"wp:term":[{"taxonomy":"category","embeddable":true,"href":"https:\/\/jr1.com.br\/shopping\/wp-json\/wp\/v2\/categories?post=75144"},{"taxonomy":"post_tag","embeddable":true,"href":"https:\/\/jr1.com.br\/shopping\/wp-json\/wp\/v2\/tags?post=75144"}],"curies":[{"name":"wp","href":"https:\/\/api.w.org\/{rel}","templated":true}]}}