{"id":75274,"date":"2026-03-04T22:03:33","date_gmt":"2026-03-04T22:03:33","guid":{"rendered":"https:\/\/jr1.com.br\/shopping\/2026\/03\/04\/conjunto-2-mesas-de-canto-rustico\/"},"modified":"2026-03-04T22:03:33","modified_gmt":"2026-03-04T22:03:33","slug":"conjunto-2-mesas-de-canto-rustico","status":"publish","type":"post","link":"https:\/\/jr1.com.br\/shopping\/2026\/03\/04\/conjunto-2-mesas-de-canto-rustico\/","title":{"rendered":"Conjunto 2 Mesas de Canto &#8211; R\u00fastico"},"content":{"rendered":"<h2><\/h2>\n<h3>O pre\u00e7o de Conjunto 2 Mesas de Canto &#8211; R\u00fastico no dia acima especificado era de <strong>R$ 306.30<\/strong>.<\/h3>\n<p>Confira o pre\u00e7o atual aqui: <a href=\"https:\/\/www.awin1.com\/pclick.php?p=38605493664&#038;a=690303&#038;m=100453\" rel=\"noopener sponsored\"><img decoding=\"async\" src=\"https:\/\/ui.awin.com\/images\/upload\/merchant\/profile\/100453.png\" alt=\"Conjunto 2 Mesas de Canto - R\u00fastico\" \/> &#8211; nas lojas Casa Tema BR<\/a><\/p>\n<p><img decoding=\"async\" src=\"https:\/\/casatema.vteximg.com.br\/arquivos\/ids\/848631_2\" alt=\"Conjunto 2 Mesas de Canto - R\u00fastico\" \/><br \/>\nConjunto 2 Mesas de Canto &#8211; R&uacute;stico Toda sala merece mesinhas de canto do sof&aacute;, seja para aquele lindo abajur, ou para o apoio do livro de leitura e at&eacute; mesmo dos petiscos do final de semana. E para contemplar o ambiente no conceito chic, mas descontra&iacute;do, que tal o conjunto de Mesas da M&oacute;vel Bento? Uma pe&ccedil;a bastante &uacute;til, mas com aquela pegada decorativa, que ir&aacute; trazer leveza ao ambiente. MDPPainel de madeira formado por part&iacute;culas de madeira de m&eacute;dia densidade, &eacute; tamb&eacute;m o mais consumido no mundo. &Eacute; produzido em prensas cont&iacute;nuas de &uacute;ltima gera&ccedil;&atilde;o, sendo um dos produtos mais tecnol&oacute;gicos e econ&ocirc;micos para produ&ccedil;&atilde;o de m&oacute;veis de linhas retas ou que precisam receber pinturas e revestimentos de qualquer material. Apresenta excelente resultado em m&oacute;veis para dormit&oacute;rios, escrit&oacute;rios, cozinhas, pain&eacute;is para decora&ccedil;&atilde;o, prateleiras, tampos e base superior\/inferior. Com o manuseio correto e dispositivos de montagem, pode ser montado e desmontado quantas vezes for necess&aacute;rio.Garantia3 meses para defeito de fabrica.Caracter&iacute;sticas&nbsp;&#8211; R&uacute;stico- Estrutura: MDP 15 mm- Acabamento: UV- Tampo redondo- 2 Mesas- P&eacute;s torneados em madeira maci&ccedil;a- Peso suportado: 5 kg cada- Produto entregue montado- Marca: M&oacute;vel BentoDimens&otilde;es&nbsp;Peso: 6,2 KgAltura: 60\/46,5 cmLargura: 47 cmProfundidade: 47 cmOutras informa&ccedil;&otilde;es- Montagem n&atilde;o inclusa.- Na limpeza n&atilde;o utilizar produtos qu&iacute;micos e abrasivos, usar apenas um pano umedecido, para garantir a maior durabilidade do m&oacute;vel.- Os objetos que ambientam as fotos n&atilde;o acompanham o produto.- Imagens meramente ilustrativas. Cores e tonalidades podem variar.- Antes de comprar o seu produto verifique as medidas, o local onde pretende instalar e se &eacute; necess&aacute;rio contratar o servi&ccedil;o de um profissional qualificado.<\/p>\n<h4>Aproveite e pesquise o pre\u00e7o deste produto em dezenas de lojas dos marketplaces abaixo:<\/h4>\n<p><a href=\"https:\/\/www.magazinevoce.com.br\/magazineezu\/busca\/Conjunto 2 Mesas de Canto - R\u00fastico\/\" target=\"_blank\" rel=\"noopener\"><img decoding=\"async\" src=\"https:\/\/mvc.mlcdn.com.br\/ad\/2503_superofertas.png\" alt=\"Pesquise no Magazine eZu\" \/> &#8211; da Parceria MAGALU<\/a>.<\/p>\n<p>Ainda n\u00e3o encontrou a melhor op\u00e7\u00e3o de compra? Oferecemos mais uma possibilidade de <strong>busca<\/strong> mais ampla para <a href=\"https:\/\/ecompare.com.br\/lojas\/resultados-da-pesquisa\/?q=Conjunto 2 Mesas de Canto - R\u00fastico#gsc.tab=0&amp;gsc.q=Conjunto 2 Mesas de Canto - R\u00fastico&amp;gsc.page=1\" target=\"_blank\" rel=\"noopener\">Conjunto 2 Mesas de Canto &#8211; R\u00fastico, clique e continue <strong>pesquisando&#8230;<\/strong><\/a><\/p>\n<hr \/>\n","protected":false},"excerpt":{"rendered":"<p>R$ 306.30 nas lojas <a href=\"https:\/\/www.awin1.com\/pclick.php?p=38605493664&#038;a=690303&#038;m=100453\" target=\"_blank\" rel=\"sponsored\">Casa Tema BR<\/a><\/p>\n","protected":false},"author":1,"featured_media":0,"comment_status":"closed","ping_status":"closed","sticky":false,"template":"","format":"standard","meta":{"footnotes":""},"categories":[2],"tags":[273,21],"class_list":["post-75274","post","type-post","status-publish","format-standard","hentry","category-produtos","tag-306-30","tag-casa-tema-br"],"_links":{"self":[{"href":"https:\/\/jr1.com.br\/shopping\/wp-json\/wp\/v2\/posts\/75274","targetHints":{"allow":["GET"]}}],"collection":[{"href":"https:\/\/jr1.com.br\/shopping\/wp-json\/wp\/v2\/posts"}],"about":[{"href":"https:\/\/jr1.com.br\/shopping\/wp-json\/wp\/v2\/types\/post"}],"author":[{"embeddable":true,"href":"https:\/\/jr1.com.br\/shopping\/wp-json\/wp\/v2\/users\/1"}],"replies":[{"embeddable":true,"href":"https:\/\/jr1.com.br\/shopping\/wp-json\/wp\/v2\/comments?post=75274"}],"version-history":[{"count":0,"href":"https:\/\/jr1.com.br\/shopping\/wp-json\/wp\/v2\/posts\/75274\/revisions"}],"wp:attachment":[{"href":"https:\/\/jr1.com.br\/shopping\/wp-json\/wp\/v2\/media?parent=75274"}],"wp:term":[{"taxonomy":"category","embeddable":true,"href":"https:\/\/jr1.com.br\/shopping\/wp-json\/wp\/v2\/categories?post=75274"},{"taxonomy":"post_tag","embeddable":true,"href":"https:\/\/jr1.com.br\/shopping\/wp-json\/wp\/v2\/tags?post=75274"}],"curies":[{"name":"wp","href":"https:\/\/api.w.org\/{rel}","templated":true}]}}