{"id":75424,"date":"2026-03-28T10:20:25","date_gmt":"2026-03-28T10:20:25","guid":{"rendered":"https:\/\/jr1.com.br\/shopping\/2026\/03\/28\/escrivaninha-modulada-requinte-branco-line\/"},"modified":"2026-03-28T10:20:25","modified_gmt":"2026-03-28T10:20:25","slug":"escrivaninha-modulada-requinte-branco-line","status":"publish","type":"post","link":"https:\/\/jr1.com.br\/shopping\/2026\/03\/28\/escrivaninha-modulada-requinte-branco-line\/","title":{"rendered":"Escrivaninha Modulada Requinte &#8211; Branco Line"},"content":{"rendered":"<h2><\/h2>\n<h3>O pre\u00e7o de Escrivaninha Modulada Requinte &#8211; Branco Line no dia acima especificado era de <strong>R$ 234.83<\/strong>.<\/h3>\n<p>Confira o pre\u00e7o atual aqui: <a href=\"https:\/\/www.awin1.com\/pclick.php?p=38605493781&#038;a=690303&#038;m=100453\" rel=\"noopener sponsored\"><img decoding=\"async\" src=\"https:\/\/ui.awin.com\/images\/upload\/merchant\/profile\/100453.png\" alt=\"Escrivaninha Modulada Requinte - Branco Line\" \/> &#8211; nas lojas Casa Tema BR<\/a><\/p>\n<p><img decoding=\"async\" src=\"https:\/\/casatema.vteximg.com.br\/arquivos\/ids\/854400_2\" alt=\"Escrivaninha Modulada Requinte - Branco Line\" \/><br \/>\nEscrivaninha Modulada Requinte &#8211; Branco Line A Escrivaninha Modulada Requinte &eacute; vers&aacute;til, pois possibilita voc&ecirc; acrescentar op&ccedil;&otilde;es de m&oacute;dulos conforme seu desejo e necessidade. Ela &eacute; perfeita para colocar no quarto, fazendo com que voc&ecirc; tenha um espa&ccedil;o para o trabalho ou estudos. E, se voc&ecirc; desejar ampliar esse m&oacute;vel, bastar comprar e associar outros m&oacute;dulos Requinte ao roupeiro, mas antes, verifique a medida e o desenho do seu espa&ccedil;o para certifica&ccedil;&atilde;o dessa incr&iacute;vel possibilidade. MDFTrata-se de um painel de madeira reconstitu&iacute;da, produzido por meio da aglutina&ccedil;&atilde;o de fibras de madeira com resinas sint&eacute;ticas e aditivos. As placas de madeira s&atilde;o coladas umas sobre as outras com resina, e fixadas atrav&eacute;s de press&atilde;o. Empregado em partes aparentes dos m&oacute;veis, onde ser&atilde;o aplicados acabamentos. Uma madeira que permite mais criatividade no design dos m&oacute;veis, por isso, &eacute; indicada em pe&ccedil;as que ter&atilde;o partes arredondadas e contornos. O material tamb&eacute;m &eacute; recomendado em casos de usinagem em baixo relevo e entalhamento.AcabamentoPintura UV &#8211; Consiste em um processo de cura com a utiliza&ccedil;&atilde;o de raios ultravioletas, ou seja, ap&oacute;s o procedimento de pintura, o material &eacute; exposto &agrave;s luzes UV&nbsp;para realizar uma secagem. Melhora no acabamento gerando maior valor agregado e durabilidade. Garantia03 meses &#8211; garantia de f&aacute;brica Caracter&iacute;sticas &#8211; Branco Line.- Estrutura: MDF.- Acabamento: Pintura em impress&atilde;o UV com verniz alto relevo.- Montagem com fixa&ccedil;&atilde;o de suporte L.- Peso suportado: 15 kg.- M&oacute;vel desmontado.- Manual de montagem.- Marca: M&oacute;veis Castro. Dimens&otilde;es Peso: 11,20 KgAltura: 75,50 cmLargura: 80 cmProfundidade: 43 cm Outra Informa&ccedil;&otilde;es- A Montagem n&atilde;o est&aacute; inclusa ao produto.- Os objetos que ambientam as fotos n&atilde;o acompanham o produto.- Imagens meramente ilustrativas. Cores e tonalidades podem variar.- Antes de comprar o seu produto verifique as medidas, o local onde pretende instalar e se &eacute; necess&aacute;rio contratar o servi&ccedil;o de um profissional qualificado.- Na limpeza n&atilde;o utilizar produtos qu&iacute;micos e abrasivos, usar apenas um pano umedecido, para garantir a maior durabilidade do m&oacute;vel.<\/p>\n<h4>Aproveite e pesquise o pre\u00e7o deste produto em dezenas de lojas dos marketplaces abaixo:<\/h4>\n<p><a href=\"https:\/\/www.magazinevoce.com.br\/magazineezu\/busca\/Escrivaninha Modulada Requinte - Branco Line\/\" target=\"_blank\" rel=\"noopener\"><img decoding=\"async\" src=\"https:\/\/mvc.mlcdn.com.br\/ad\/2503_superofertas.png\" alt=\"Pesquise no Magazine eZu\" \/> &#8211; da Parceria MAGALU<\/a>.<\/p>\n<p>Ainda n\u00e3o encontrou a melhor op\u00e7\u00e3o de compra? Oferecemos mais uma possibilidade de <strong>busca<\/strong> mais ampla para <a href=\"https:\/\/ecompare.com.br\/lojas\/resultados-da-pesquisa\/?q=Escrivaninha Modulada Requinte - Branco Line#gsc.tab=0&amp;gsc.q=Escrivaninha Modulada Requinte - Branco Line&amp;gsc.page=1\" target=\"_blank\" rel=\"noopener\">Escrivaninha Modulada Requinte &#8211; Branco Line, clique e continue <strong>pesquisando&#8230;<\/strong><\/a><\/p>\n<hr \/>\n","protected":false},"excerpt":{"rendered":"<p>R$ 234.83 nas lojas <a href=\"https:\/\/www.awin1.com\/pclick.php?p=38605493781&#038;a=690303&#038;m=100453\" target=\"_blank\" rel=\"sponsored\">Casa Tema BR<\/a><\/p>\n","protected":false},"author":1,"featured_media":0,"comment_status":"closed","ping_status":"closed","sticky":false,"template":"","format":"standard","meta":{"footnotes":""},"categories":[2],"tags":[430,21],"class_list":["post-75424","post","type-post","status-publish","format-standard","hentry","category-produtos","tag-234-83","tag-casa-tema-br"],"_links":{"self":[{"href":"https:\/\/jr1.com.br\/shopping\/wp-json\/wp\/v2\/posts\/75424","targetHints":{"allow":["GET"]}}],"collection":[{"href":"https:\/\/jr1.com.br\/shopping\/wp-json\/wp\/v2\/posts"}],"about":[{"href":"https:\/\/jr1.com.br\/shopping\/wp-json\/wp\/v2\/types\/post"}],"author":[{"embeddable":true,"href":"https:\/\/jr1.com.br\/shopping\/wp-json\/wp\/v2\/users\/1"}],"replies":[{"embeddable":true,"href":"https:\/\/jr1.com.br\/shopping\/wp-json\/wp\/v2\/comments?post=75424"}],"version-history":[{"count":0,"href":"https:\/\/jr1.com.br\/shopping\/wp-json\/wp\/v2\/posts\/75424\/revisions"}],"wp:attachment":[{"href":"https:\/\/jr1.com.br\/shopping\/wp-json\/wp\/v2\/media?parent=75424"}],"wp:term":[{"taxonomy":"category","embeddable":true,"href":"https:\/\/jr1.com.br\/shopping\/wp-json\/wp\/v2\/categories?post=75424"},{"taxonomy":"post_tag","embeddable":true,"href":"https:\/\/jr1.com.br\/shopping\/wp-json\/wp\/v2\/tags?post=75424"}],"curies":[{"name":"wp","href":"https:\/\/api.w.org\/{rel}","templated":true}]}}