{"id":75501,"date":"2026-03-25T22:45:12","date_gmt":"2026-03-25T22:45:12","guid":{"rendered":"https:\/\/jr1.com.br\/shopping\/2026\/03\/25\/mesa-de-escritorio-em-l-com-8-nichos-preto-montana\/"},"modified":"2026-03-25T22:45:12","modified_gmt":"2026-03-25T22:45:12","slug":"mesa-de-escritorio-em-l-com-8-nichos-preto-montana","status":"publish","type":"post","link":"https:\/\/jr1.com.br\/shopping\/2026\/03\/25\/mesa-de-escritorio-em-l-com-8-nichos-preto-montana\/","title":{"rendered":"Mesa de Escrit\u00f3rio em L com 8 Nichos &#8211; Preto\/Montana"},"content":{"rendered":"<h2><\/h2>\n<h3>O pre\u00e7o de Mesa de Escrit\u00f3rio em L com 8 Nichos &#8211; Preto\/Montana no dia acima especificado era de <strong>R$ 490.09<\/strong>.<\/h3>\n<p>Confira o pre\u00e7o atual aqui: <a href=\"https:\/\/www.awin1.com\/pclick.php?p=38605493858&#038;a=690303&#038;m=100453\" rel=\"noopener sponsored\"><img decoding=\"async\" src=\"https:\/\/ui.awin.com\/images\/upload\/merchant\/profile\/100453.png\" alt=\"Mesa de Escrit\u00f3rio em L com 8 Nichos - Preto\/Montana\" \/> &#8211; nas lojas Casa Tema BR<\/a><\/p>\n<p><img decoding=\"async\" src=\"https:\/\/casatema.vteximg.com.br\/arquivos\/ids\/854794_2\" alt=\"Mesa de Escrit\u00f3rio em L com 8 Nichos - Preto\/Montana\" \/><br \/>\nMesa de Escrit&oacute;rio em L com 8 Nichos &#8211; Preto\/MontanaPara deixar seu escrit&oacute;rio mais sofistica&ccedil;&atilde;o e bom gosto, a Mesa da DRD &eacute; o que voc&ecirc; precisa. Seu desenho &eacute; perfeito para ser usado em espa&ccedil;os menores, podendo ser enquadrado no canto da parede e ainda tem a possibilidade de dividir ambientes. Para ser ainda mais funcional e atendendo exclusivamente a sua necessidade, a pe&ccedil;a conta com 8 nichos. Seu tampo &eacute; extenso, fazendo um desenho em L, o que permite apoiar diferentes objetos, desde computador, livros, porta documentos, at&eacute; impressoras. Para maior qualidade e durabilidade do produto, o produto &eacute; revestido com a chapa, o Perfect Wood superf&iacute;cie com veios leves, tornando-se agrad&aacute;vel ao toque e resistente aos riscosMDPPainel de madeira formado por part&iacute;culas de madeira de m&eacute;dia densidade, &eacute; tamb&eacute;m o mais consumido no mundo. &Eacute; produzido em prensas cont&iacute;nuas de &uacute;ltima gera&ccedil;&atilde;o, sendo um dos produtos mais tecnol&oacute;gicos e econ&ocirc;micos para produ&ccedil;&atilde;o de m&oacute;veis de linhas retas ou que precisam receber pinturas e revestimentos de qualquer material. Apresenta excelente resultado em m&oacute;veis para dormit&oacute;rios, escrit&oacute;rios, cozinhas, pain&eacute;is para decora&ccedil;&atilde;o, prateleiras, tampos e base superior\/inferior. Com o manuseio correto e dispositivos de montagem, pode ser montado e desmontado quantas vezes for necess&aacute;rio.Garantia:3 meses para defeito de fabrica.Caracter&iacute;sticas- Preto\/Montana- MDP 15 mm revestido com Perfect Wood- 8 Nichos- Peso Suportado por nicho: 4 kg- Produto segue desmontado- Marca: DRDDimens&otilde;esPeso: 36,5 kgAltura: 75 cmLargura: 140 cmProfundidade: 130 cmImportante- Montagem n&atilde;o inclusa.- Na limpeza n&atilde;o utilizar produtos qu&iacute;micos e abrasivos, usar apenas um pano umedecido, para garantir a maior durabilidade do m&oacute;vel.- Os objetos que ambientam as fotos n&atilde;o acompanham o produto.- Imagens meramente ilustrativas. Cores e tonalidades podem variar.- Antes de comprar o seu produto verifique as medidas, o local onde pretende instalar e se &eacute; necess&aacute;rio contratar o servi&ccedil;o de um profissional qualificado.<\/p>\n<h4>Aproveite e pesquise o pre\u00e7o deste produto em dezenas de lojas dos marketplaces abaixo:<\/h4>\n<p><a href=\"https:\/\/www.magazinevoce.com.br\/magazineezu\/busca\/Mesa de Escrit\u00f3rio em L com 8 Nichos - Preto\/Montana\/\" target=\"_blank\" rel=\"noopener\"><img decoding=\"async\" src=\"https:\/\/mvc.mlcdn.com.br\/ad\/2503_superofertas.png\" alt=\"Pesquise no Magazine eZu\" \/> &#8211; da Parceria MAGALU<\/a>.<\/p>\n<p>Ainda n\u00e3o encontrou a melhor op\u00e7\u00e3o de compra? Oferecemos mais uma possibilidade de <strong>busca<\/strong> mais ampla para <a href=\"https:\/\/ecompare.com.br\/lojas\/resultados-da-pesquisa\/?q=Mesa de Escrit\u00f3rio em L com 8 Nichos - Preto\/Montana#gsc.tab=0&amp;gsc.q=Mesa de Escrit\u00f3rio em L com 8 Nichos - Preto\/Montana&amp;gsc.page=1\" target=\"_blank\" rel=\"noopener\">Mesa de Escrit\u00f3rio em L com 8 Nichos &#8211; Preto\/Montana, clique e continue <strong>pesquisando&#8230;<\/strong><\/a><\/p>\n<hr \/>\n","protected":false},"excerpt":{"rendered":"<p>R$ 490.09 nas lojas <a href=\"https:\/\/www.awin1.com\/pclick.php?p=38605493858&#038;a=690303&#038;m=100453\" target=\"_blank\" rel=\"sponsored\">Casa Tema BR<\/a><\/p>\n","protected":false},"author":1,"featured_media":0,"comment_status":"closed","ping_status":"closed","sticky":false,"template":"","format":"standard","meta":{"footnotes":""},"categories":[2],"tags":[276,21],"class_list":["post-75501","post","type-post","status-publish","format-standard","hentry","category-produtos","tag-490-09","tag-casa-tema-br"],"_links":{"self":[{"href":"https:\/\/jr1.com.br\/shopping\/wp-json\/wp\/v2\/posts\/75501","targetHints":{"allow":["GET"]}}],"collection":[{"href":"https:\/\/jr1.com.br\/shopping\/wp-json\/wp\/v2\/posts"}],"about":[{"href":"https:\/\/jr1.com.br\/shopping\/wp-json\/wp\/v2\/types\/post"}],"author":[{"embeddable":true,"href":"https:\/\/jr1.com.br\/shopping\/wp-json\/wp\/v2\/users\/1"}],"replies":[{"embeddable":true,"href":"https:\/\/jr1.com.br\/shopping\/wp-json\/wp\/v2\/comments?post=75501"}],"version-history":[{"count":0,"href":"https:\/\/jr1.com.br\/shopping\/wp-json\/wp\/v2\/posts\/75501\/revisions"}],"wp:attachment":[{"href":"https:\/\/jr1.com.br\/shopping\/wp-json\/wp\/v2\/media?parent=75501"}],"wp:term":[{"taxonomy":"category","embeddable":true,"href":"https:\/\/jr1.com.br\/shopping\/wp-json\/wp\/v2\/categories?post=75501"},{"taxonomy":"post_tag","embeddable":true,"href":"https:\/\/jr1.com.br\/shopping\/wp-json\/wp\/v2\/tags?post=75501"}],"curies":[{"name":"wp","href":"https:\/\/api.w.org\/{rel}","templated":true}]}}