{"id":75554,"date":"2026-03-06T01:01:51","date_gmt":"2026-03-06T01:01:51","guid":{"rendered":"https:\/\/jr1.com.br\/shopping\/2026\/03\/06\/cristaleira-com-2-portas-de-vidro-natural\/"},"modified":"2026-03-06T01:01:51","modified_gmt":"2026-03-06T01:01:51","slug":"cristaleira-com-2-portas-de-vidro-natural","status":"publish","type":"post","link":"https:\/\/jr1.com.br\/shopping\/2026\/03\/06\/cristaleira-com-2-portas-de-vidro-natural\/","title":{"rendered":"Cristaleira com 2 Portas de Vidro &#8211; Natural"},"content":{"rendered":"<h2><\/h2>\n<h3>O pre\u00e7o de Cristaleira com 2 Portas de Vidro &#8211; Natural no dia acima especificado era de <strong>R$ 816.83<\/strong>.<\/h3>\n<p>Confira o pre\u00e7o atual aqui: <a href=\"https:\/\/www.awin1.com\/pclick.php?p=38605493916&#038;a=690303&#038;m=100453\" rel=\"noopener sponsored\"><img decoding=\"async\" src=\"https:\/\/ui.awin.com\/images\/upload\/merchant\/profile\/100453.png\" alt=\"Cristaleira com 2 Portas de Vidro - Natural\" \/> &#8211; nas lojas Casa Tema BR<\/a><\/p>\n<p><img decoding=\"async\" src=\"https:\/\/casatema.vteximg.com.br\/arquivos\/ids\/858916_2\" alt=\"Cristaleira com 2 Portas de Vidro - Natural\" \/><br \/>\nCristaleira com 2 Portas de Vidro &#8211; NaturalA Cristaleira da Tecno Mobili &eacute; o que h&aacute; de mais belo para sua sala de jantar. Uma pe&ccedil;a para voc&ecirc; guardar todas as lou&ccedil;as de forma decorativa em sua sala de Jantar ou cozinha. Com vidros nas portas, deixando tudo aparente e distribu&iacute;dos por 5 prateleiras, sendo 4 de vidro.MDPPainel de madeira formado por part&iacute;culas de madeira de m&eacute;dia densidade, &eacute; tamb&eacute;m o mais consumido no mundo. &Eacute; produzido em prensas cont&iacute;nuas de &uacute;ltima gera&ccedil;&atilde;o, sendo um dos produtos mais tecnol&oacute;gicos e econ&ocirc;micos para produ&ccedil;&atilde;o de m&oacute;veis de linhas retas ou que precisam receber pinturas e revestimentos de qualquer material. Apresenta excelente resultado em m&oacute;veis para dormit&oacute;rios, escrit&oacute;rios, cozinhas, pain&eacute;is para decora&ccedil;&atilde;o, prateleiras, tampos e base superior\/inferior. Com o manuseio correto e dispositivos de montagem, pode ser montado e desmontado quantas vezes for necess&aacute;rio.AcabamentoPintura UV &#8211; Consiste em um processo de cura com a utiliza&ccedil;&atilde;o de raios ultravioletas, ou seja, ap&oacute;s o procedimento de pintura, o material &eacute; exposto &agrave;s luzes UV&nbsp;para realizar uma secagem. Melhora no acabamento gerando maior valor agregado e durabilidade.Garantia:3 Meses para defeito de fabrica&ccedil;&atilde;o.Caracter&iacute;sticas- Natural- Estrutura: MDP &#8211; Acabamento: Pintura UV- 2 Portas de Vidro- 5 Prateleiras, sendo 4 em Vidro- Detalhes Ripado- Peso suportado: 5 kg por prateleira- Produto entregue desmontado- Marca: TecnoMobiliDimens&otilde;esPeso: 39,7 KgAltura: 174,2 cmLargura: 63,3 cmProfundidade: 32,3 cmOutras Informa&ccedil;&otilde;es- A Montagem n&atilde;o est&aacute; inclusa ao produto.- Os objetos que ambientam as fotos n&atilde;o acompanham o produto.- Imagens meramente ilustrativas. Cores e tonalidades podem variar.- Antes de comprar o seu produto verifique as medidas, o local onde pretende instalar e se &eacute; necess&aacute;rio contratar o servi&ccedil;o de um profissional qualificado.- Na limpeza n&atilde;o utilizar produtos qu&iacute;micos e abrasivos, usar apenas um pano umedecido, para garantir a maior durabilidade do m&oacute;vel.<\/p>\n<h4>Aproveite e pesquise o pre\u00e7o deste produto em dezenas de lojas dos marketplaces abaixo:<\/h4>\n<p><a href=\"https:\/\/www.magazinevoce.com.br\/magazineezu\/busca\/Cristaleira com 2 Portas de Vidro - Natural\/\" target=\"_blank\" rel=\"noopener\"><img decoding=\"async\" src=\"https:\/\/mvc.mlcdn.com.br\/ad\/2503_superofertas.png\" alt=\"Pesquise no Magazine eZu\" \/> &#8211; da Parceria MAGALU<\/a>.<\/p>\n<p>Ainda n\u00e3o encontrou a melhor op\u00e7\u00e3o de compra? Oferecemos mais uma possibilidade de <strong>busca<\/strong> mais ampla para <a href=\"https:\/\/ecompare.com.br\/lojas\/resultados-da-pesquisa\/?q=Cristaleira com 2 Portas de Vidro - Natural#gsc.tab=0&amp;gsc.q=Cristaleira com 2 Portas de Vidro - Natural&amp;gsc.page=1\" target=\"_blank\" rel=\"noopener\">Cristaleira com 2 Portas de Vidro &#8211; Natural, clique e continue <strong>pesquisando&#8230;<\/strong><\/a><\/p>\n<hr \/>\n","protected":false},"excerpt":{"rendered":"<p>R$ 816.83 nas lojas <a href=\"https:\/\/www.awin1.com\/pclick.php?p=38605493916&#038;a=690303&#038;m=100453\" target=\"_blank\" rel=\"sponsored\">Casa Tema BR<\/a><\/p>\n","protected":false},"author":1,"featured_media":0,"comment_status":"closed","ping_status":"closed","sticky":false,"template":"","format":"standard","meta":{"footnotes":""},"categories":[2],"tags":[355,21],"class_list":["post-75554","post","type-post","status-publish","format-standard","hentry","category-produtos","tag-816-83","tag-casa-tema-br"],"_links":{"self":[{"href":"https:\/\/jr1.com.br\/shopping\/wp-json\/wp\/v2\/posts\/75554","targetHints":{"allow":["GET"]}}],"collection":[{"href":"https:\/\/jr1.com.br\/shopping\/wp-json\/wp\/v2\/posts"}],"about":[{"href":"https:\/\/jr1.com.br\/shopping\/wp-json\/wp\/v2\/types\/post"}],"author":[{"embeddable":true,"href":"https:\/\/jr1.com.br\/shopping\/wp-json\/wp\/v2\/users\/1"}],"replies":[{"embeddable":true,"href":"https:\/\/jr1.com.br\/shopping\/wp-json\/wp\/v2\/comments?post=75554"}],"version-history":[{"count":0,"href":"https:\/\/jr1.com.br\/shopping\/wp-json\/wp\/v2\/posts\/75554\/revisions"}],"wp:attachment":[{"href":"https:\/\/jr1.com.br\/shopping\/wp-json\/wp\/v2\/media?parent=75554"}],"wp:term":[{"taxonomy":"category","embeddable":true,"href":"https:\/\/jr1.com.br\/shopping\/wp-json\/wp\/v2\/categories?post=75554"},{"taxonomy":"post_tag","embeddable":true,"href":"https:\/\/jr1.com.br\/shopping\/wp-json\/wp\/v2\/tags?post=75554"}],"curies":[{"name":"wp","href":"https:\/\/api.w.org\/{rel}","templated":true}]}}