{"id":75769,"date":"2026-03-04T20:07:44","date_gmt":"2026-03-04T20:07:44","guid":{"rendered":"https:\/\/jr1.com.br\/shopping\/2026\/03\/04\/mesa-de-jantar-corona-rustica-182m-idela-p-area-externa-cera-mel-branco\/"},"modified":"2026-03-04T20:07:44","modified_gmt":"2026-03-04T20:07:44","slug":"mesa-de-jantar-corona-rustica-182m-idela-p-area-externa-cera-mel-branco","status":"publish","type":"post","link":"https:\/\/jr1.com.br\/shopping\/2026\/03\/04\/mesa-de-jantar-corona-rustica-182m-idela-p-area-externa-cera-mel-branco\/","title":{"rendered":"Mesa de Jantar Corona R\u00fastica 1,82m Idela P\/\u00c1rea Externa &#8211; Cera Mel\/Branco"},"content":{"rendered":"<h2><\/h2>\n<h3>O pre\u00e7o de Mesa de Jantar Corona R\u00fastica 1,82m Idela P\/\u00c1rea Externa &#8211; Cera Mel\/Branco no dia acima especificado era de <strong>R$ 1123.14<\/strong>.<\/h3>\n<p>Confira o pre\u00e7o atual aqui: <a href=\"https:\/\/www.awin1.com\/pclick.php?p=38605497151&#038;a=690303&#038;m=100453\" rel=\"noopener sponsored\"><img decoding=\"async\" src=\"https:\/\/ui.awin.com\/images\/upload\/merchant\/profile\/100453.png\" alt=\"Mesa de Jantar Corona R\u00fastica 1,82m Idela P\/\u00c1rea Externa - Cera Mel\/Branco\" \/> &#8211; nas lojas Casa Tema BR<\/a><\/p>\n<p><img decoding=\"async\" src=\"https:\/\/casatema.vteximg.com.br\/arquivos\/ids\/808159_2\" alt=\"Mesa de Jantar Corona R\u00fastica 1,82m Idela P\/\u00c1rea Externa - Cera Mel\/Branco\" \/><br \/>\nMesa de Jantar Corona R&uacute;stica 1,82 m Ideal P\/ Area Externa &#8211; Cera Mel\/BrancoA Mesa Corona &eacute; uma &oacute;tima op&ccedil;&atilde;o para quem deseja compor os ambientes com eleg&acirc;ncia e conforto no estilo r&uacute;stico. Produzido com Madeira Maci&ccedil;a, proveniente de reflorestamento, fornecendo mais resist&ecirc;ncia e maior durabilidade. A pintura em Cera completa o acabamento mantendo o aspecto natural do produto.Madeira Maci&ccedil;aUma op&ccedil;&atilde;o excelente para quem procura m&oacute;veis atraentes, requintados, &uacute;nicos e com sofistica&ccedil;&atilde;o. Esse tipo de m&oacute;vel &eacute; sin&ocirc;nimo de qualidade e longa vida &uacute;til e, em um momento em que a sustentabilidade est&aacute; em pauta, os m&oacute;veis de madeira maci&ccedil;a podem ser uma boa alternativa ecol&oacute;gica, devido ao seu bom manejo e o benef&iacute;cio da reutiliza&ccedil;&atilde;o. Assim, al&eacute;m de economia e exclusividade na decora&ccedil;&atilde;o, um ambiente decorado com m&oacute;veis de madeira maci&ccedil;a &eacute;, tamb&eacute;m, sin&ocirc;nimo de cuidado com o meio ambiente. A madeira maci&ccedil;a oferece mais resist&ecirc;ncia ao desgaste natural do tempo e maior durabilidade, por causa de suas caracter&iacute;sticas naturais e maior resist&ecirc;ncia &agrave; &aacute;gua.Garantia &#8211; 3 meses para defeito de f&aacute;bricaCaracter&iacute;sticasCera Mel\/Branco.Produto: 100% Madeira Maci&ccedil;a.Acabamento: Pintura acr&iacute;lica\/cera r&uacute;stica.01 unidade.Pintura com Cera, resistente ao desgaste natural, preserva a cor e mant&eacute;m o aspecto natural do produto.Complexidade da montagem: Baixa.Peso suportado: 85 kg.Produto entregue desmontado.Marca: Deiss.Dimens&otilde;es:Altura: 76,5 cmLargura: 182 cmProfundidade: 91 cmPeso: 33 KgOutras Informa&ccedil;&otilde;esAcompanha manual de instru&ccedil;&atilde;o de montagem e kit de ferragem completo.Na limpeza n&atilde;o utilizar produtos qu&iacute;micos e abrasivos, usar apenas um pano umedecido, para garantir a maior durabilidade do m&oacute;vel.Os objetos que ambientam as fotos n&atilde;o acompanham o produto.Imagens meramente ilustrativas. Cores e tonalidades podem variar.Antes de comprar o seu produto verifique as medidas, o local onde pretende instalar e se &eacute; necess&aacute;rio o contratar o servi&ccedil;o de um profissional qualificado.<\/p>\n<h4>Aproveite e pesquise o pre\u00e7o deste produto em dezenas de lojas dos marketplaces abaixo:<\/h4>\n<p><a href=\"https:\/\/www.magazinevoce.com.br\/magazineezu\/busca\/Mesa de Jantar Corona R\u00fastica 1,82m Idela P\/\u00c1rea Externa - Cera Mel\/Branco\/\" target=\"_blank\" rel=\"noopener\"><img decoding=\"async\" src=\"https:\/\/mvc.mlcdn.com.br\/ad\/2503_superofertas.png\" alt=\"Pesquise no Magazine eZu\" \/> &#8211; da Parceria MAGALU<\/a>.<\/p>\n<p>Ainda n\u00e3o encontrou a melhor op\u00e7\u00e3o de compra? Oferecemos mais uma possibilidade de <strong>busca<\/strong> mais ampla para <a href=\"https:\/\/ecompare.com.br\/lojas\/resultados-da-pesquisa\/?q=Mesa de Jantar Corona R\u00fastica 1,82m Idela P\/\u00c1rea Externa - Cera Mel\/Branco#gsc.tab=0&amp;gsc.q=Mesa de Jantar Corona R\u00fastica 1,82m Idela P\/\u00c1rea Externa - Cera Mel\/Branco&amp;gsc.page=1\" target=\"_blank\" rel=\"noopener\">Mesa de Jantar Corona R\u00fastica 1,82m Idela P\/\u00c1rea Externa &#8211; Cera Mel\/Branco, clique e continue <strong>pesquisando&#8230;<\/strong><\/a><\/p>\n<hr \/>\n","protected":false},"excerpt":{"rendered":"<p>R$ 1123.14 nas lojas <a href=\"https:\/\/www.awin1.com\/pclick.php?p=38605497151&#038;a=690303&#038;m=100453\" target=\"_blank\" rel=\"sponsored\">Casa Tema BR<\/a><\/p>\n","protected":false},"author":1,"featured_media":0,"comment_status":"closed","ping_status":"closed","sticky":false,"template":"","format":"standard","meta":{"footnotes":""},"categories":[2],"tags":[402,21],"class_list":["post-75769","post","type-post","status-publish","format-standard","hentry","category-produtos","tag-1123-14","tag-casa-tema-br"],"_links":{"self":[{"href":"https:\/\/jr1.com.br\/shopping\/wp-json\/wp\/v2\/posts\/75769","targetHints":{"allow":["GET"]}}],"collection":[{"href":"https:\/\/jr1.com.br\/shopping\/wp-json\/wp\/v2\/posts"}],"about":[{"href":"https:\/\/jr1.com.br\/shopping\/wp-json\/wp\/v2\/types\/post"}],"author":[{"embeddable":true,"href":"https:\/\/jr1.com.br\/shopping\/wp-json\/wp\/v2\/users\/1"}],"replies":[{"embeddable":true,"href":"https:\/\/jr1.com.br\/shopping\/wp-json\/wp\/v2\/comments?post=75769"}],"version-history":[{"count":0,"href":"https:\/\/jr1.com.br\/shopping\/wp-json\/wp\/v2\/posts\/75769\/revisions"}],"wp:attachment":[{"href":"https:\/\/jr1.com.br\/shopping\/wp-json\/wp\/v2\/media?parent=75769"}],"wp:term":[{"taxonomy":"category","embeddable":true,"href":"https:\/\/jr1.com.br\/shopping\/wp-json\/wp\/v2\/categories?post=75769"},{"taxonomy":"post_tag","embeddable":true,"href":"https:\/\/jr1.com.br\/shopping\/wp-json\/wp\/v2\/tags?post=75769"}],"curies":[{"name":"wp","href":"https:\/\/api.w.org\/{rel}","templated":true}]}}