{"id":75823,"date":"2026-03-12T21:42:14","date_gmt":"2026-03-12T21:42:14","guid":{"rendered":"https:\/\/jr1.com.br\/shopping\/2026\/03\/12\/comoda-casal-vittoria-com-6-gavetas-carvalho-off-white\/"},"modified":"2026-03-12T21:42:14","modified_gmt":"2026-03-12T21:42:14","slug":"comoda-casal-vittoria-com-6-gavetas-carvalho-off-white","status":"publish","type":"post","link":"https:\/\/jr1.com.br\/shopping\/2026\/03\/12\/comoda-casal-vittoria-com-6-gavetas-carvalho-off-white\/","title":{"rendered":"C\u00f4moda Casal Vitt\u00f3ria com 6 Gavetas &#8211; Carvalho\/Off White"},"content":{"rendered":"<h2><\/h2>\n<h3>O pre\u00e7o de C\u00f4moda Casal Vitt\u00f3ria com 6 Gavetas &#8211; Carvalho\/Off White no dia acima especificado era de <strong>R$ 475.92<\/strong>.<\/h3>\n<p>Confira o pre\u00e7o atual aqui: <a href=\"https:\/\/www.awin1.com\/pclick.php?p=38605497117&#038;a=690303&#038;m=100453\" rel=\"noopener sponsored\"><img decoding=\"async\" src=\"https:\/\/ui.awin.com\/images\/upload\/merchant\/profile\/100453.png\" alt=\"C\u00f4moda Casal Vitt\u00f3ria com 6 Gavetas - Carvalho\/Off White\" \/> &#8211; nas lojas Casa Tema BR<\/a><\/p>\n<p><img decoding=\"async\" src=\"https:\/\/casatema.vteximg.com.br\/arquivos\/ids\/762977_2\" alt=\"C\u00f4moda Casal Vitt\u00f3ria com 6 Gavetas - Carvalho\/Off White\" \/><br \/>\nC\u00f4moda Vitt\u00f3ria com 6 Gavetas, sendo 2 Menores &#8211; AlbatrozA C\u00f4moda Vitt\u00f3ria \u00e9 para ambientes para voc\u00ea que procura uma decora\u00e7\u00e3o aconchegante. Toda em estrutura reta, com puxadores retr\u00f4, um luxo! Se encaixa perfeitamente no quarto casal ou solteiro, com muito espa\u00e7o interno para guardar as roupas e pequenos objetos. Com 6 gavetas grandes, sendo 2 menores, corredi\u00e7as telesc\u00f3picas e travas de sustenta\u00e7\u00e3o para as gavetas maiores. Toda estrutura em MDP, caixa e frentes em 15 mm, puxadores em ABS e parte interna 100% na cor do produto.MDP Painel de madeira formado por part\u00edculas de madeira de m\u00e9dia densidade, \u00e9 tamb\u00e9m o mais consumido no mundo. \u00c9 produzido em prensas cont\u00ednuas de \u00faltima gera\u00e7\u00e3o, sendo um dos produtos mais tecnol\u00f3gicos e econ\u00f4micos para produ\u00e7\u00e3o de m\u00f3veis de linhas retas ou que precisam receber pinturas e revestimentos de qualquer material. Apresenta excelente resultado em m\u00f3veis para dormit\u00f3rios, escrit\u00f3rios, cozinhas, pain\u00e9is para decora\u00e7\u00e3o, prateleiras, tampos e base superior\/inferior. Com o manuseio correto e dispositivos de montagem, pode ser montado e desmontado quantas vezes for necess\u00e1rio.Garantia 3 Meses para defeito de fabrica\u00e7\u00e3o.Caracter\u00edsticas &#8211; Carvalho Grife\/Off White- Estrutura: MDP- Acabamento: UV fosco- 4 Gavetas maiores- 2 Gavetas menores- Corredi\u00e7as telesc\u00f3picas- Travas de seguran\u00e7a para as 4 gavetas maiores- Puxadores em ABS- Peso suportado: 25 Kg- Produto entregue desmontado- Marca AlbatrozDimens\u00f5es Peso: 42Altura: 110 cmLargura: 90 cmComprimento: 41 cmGaveta menor: L-37,7xA-12xP-33,8 cmGaveta maior: L-81,7xA-12xP-33,8 cmImportante- Montagem n\u00e3o inclusa ao produto. Montagem vendida separadamente.- Acompanha manual de montagem.-Produto exige montagem de um profissional.- Na limpeza n\u00e3o utilizar produtos qu\u00edmicos e abrasivos, usar apenas com pano umedecido, para garantir a maior durabilidade do m\u00f3vel.- Os objetos que ambientam as fotos n\u00e3o acompanham o produto.- Imagens meramente ilustrativas. Cores e tonalidades podem variar.- Antes de comprar o seu produto verifique as medidas, o local onde pretende instalar e se \u00e9 necess\u00e1rio contratar o servi\u00e7o de um profissional qualificado.<\/p>\n<h4>Aproveite e pesquise o pre\u00e7o deste produto em dezenas de lojas dos marketplaces abaixo:<\/h4>\n<p><a href=\"https:\/\/www.magazinevoce.com.br\/magazineezu\/busca\/C\u00f4moda Casal Vitt\u00f3ria com 6 Gavetas - Carvalho\/Off White\/\" target=\"_blank\" rel=\"noopener\"><img decoding=\"async\" src=\"https:\/\/mvc.mlcdn.com.br\/ad\/2503_superofertas.png\" alt=\"Pesquise no Magazine eZu\" \/> &#8211; da Parceria MAGALU<\/a>.<\/p>\n<p>Ainda n\u00e3o encontrou a melhor op\u00e7\u00e3o de compra? Oferecemos mais uma possibilidade de <strong>busca<\/strong> mais ampla para <a href=\"https:\/\/ecompare.com.br\/lojas\/resultados-da-pesquisa\/?q=C\u00f4moda Casal Vitt\u00f3ria com 6 Gavetas - Carvalho\/Off White#gsc.tab=0&amp;gsc.q=C\u00f4moda Casal Vitt\u00f3ria com 6 Gavetas - Carvalho\/Off White&amp;gsc.page=1\" target=\"_blank\" rel=\"noopener\">C\u00f4moda Casal Vitt\u00f3ria com 6 Gavetas &#8211; Carvalho\/Off White, clique e continue <strong>pesquisando&#8230;<\/strong><\/a><\/p>\n<hr \/>\n","protected":false},"excerpt":{"rendered":"<p>R$ 475.92 nas lojas <a href=\"https:\/\/www.awin1.com\/pclick.php?p=38605497117&#038;a=690303&#038;m=100453\" target=\"_blank\" rel=\"sponsored\">Casa Tema BR<\/a><\/p>\n","protected":false},"author":1,"featured_media":0,"comment_status":"closed","ping_status":"closed","sticky":false,"template":"","format":"standard","meta":{"footnotes":""},"categories":[2],"tags":[418,21],"class_list":["post-75823","post","type-post","status-publish","format-standard","hentry","category-produtos","tag-475-92","tag-casa-tema-br"],"_links":{"self":[{"href":"https:\/\/jr1.com.br\/shopping\/wp-json\/wp\/v2\/posts\/75823","targetHints":{"allow":["GET"]}}],"collection":[{"href":"https:\/\/jr1.com.br\/shopping\/wp-json\/wp\/v2\/posts"}],"about":[{"href":"https:\/\/jr1.com.br\/shopping\/wp-json\/wp\/v2\/types\/post"}],"author":[{"embeddable":true,"href":"https:\/\/jr1.com.br\/shopping\/wp-json\/wp\/v2\/users\/1"}],"replies":[{"embeddable":true,"href":"https:\/\/jr1.com.br\/shopping\/wp-json\/wp\/v2\/comments?post=75823"}],"version-history":[{"count":0,"href":"https:\/\/jr1.com.br\/shopping\/wp-json\/wp\/v2\/posts\/75823\/revisions"}],"wp:attachment":[{"href":"https:\/\/jr1.com.br\/shopping\/wp-json\/wp\/v2\/media?parent=75823"}],"wp:term":[{"taxonomy":"category","embeddable":true,"href":"https:\/\/jr1.com.br\/shopping\/wp-json\/wp\/v2\/categories?post=75823"},{"taxonomy":"post_tag","embeddable":true,"href":"https:\/\/jr1.com.br\/shopping\/wp-json\/wp\/v2\/tags?post=75823"}],"curies":[{"name":"wp","href":"https:\/\/api.w.org\/{rel}","templated":true}]}}