{"id":75914,"date":"2026-03-19T17:40:18","date_gmt":"2026-03-19T17:40:18","guid":{"rendered":"https:\/\/jr1.com.br\/shopping\/2026\/03\/19\/mesa-bistro-em-madeira-macica-milena-preto-natural\/"},"modified":"2026-03-19T17:40:18","modified_gmt":"2026-03-19T17:40:18","slug":"mesa-bistro-em-madeira-macica-milena-preto-natural","status":"publish","type":"post","link":"https:\/\/jr1.com.br\/shopping\/2026\/03\/19\/mesa-bistro-em-madeira-macica-milena-preto-natural\/","title":{"rendered":"Mesa Bistr\u00f4 em Madeira Maci\u00e7a Milena Preto\/Natural"},"content":{"rendered":"<h2><\/h2>\n<h3>O pre\u00e7o de Mesa Bistr\u00f4 em Madeira Maci\u00e7a Milena Preto\/Natural no dia acima especificado era de <strong>R$ 663.67<\/strong>.<\/h3>\n<p>Confira o pre\u00e7o atual aqui: <a href=\"https:\/\/www.awin1.com\/pclick.php?p=38605492312&#038;a=690303&#038;m=100453\" rel=\"noopener sponsored\"><img decoding=\"async\" src=\"https:\/\/ui.awin.com\/images\/upload\/merchant\/profile\/100453.png\" alt=\"Mesa Bistr\u00f4 em Madeira Maci\u00e7a Milena Preto\/Natural\" \/> &#8211; nas lojas Casa Tema BR<\/a><\/p>\n<p><img decoding=\"async\" src=\"https:\/\/casatema.vteximg.com.br\/arquivos\/ids\/769272_2\" alt=\"Mesa Bistr\u00f4 em Madeira Maci\u00e7a Milena Preto\/Natural\" \/><br \/>\nMesa Bistr\u00f4 em Madeira Maci\u00e7a Milena Preto\/NaturalA Mesa Bistr&ocirc; da Deiss vai trazer requinte ao ambiente, pefeita para trazer lazer para sua casa! Com essa pe&ccedil;a &eacute; poss&iacute;vel montar um bar em casa e assim, trazer os amigos para um bom bate papo. Muito estilosa, uma mistura muito interessante do cl&aacute;ssico com o moderno, combina com diferentes estilos de banqueta. O tampo &eacute; rendondo e os p&eacute;s formam um lindo trip&eacute;. Produzida em Madeira Eucalipto e com acabamento PU, que prolonga a durabilidade e qualidade ao produto.MadeiraUma op&ccedil;&atilde;o excelente para quem procura m&oacute;veis atraentes, requintados, &uacute;nicos e com sofistica&ccedil;&atilde;o. Esse tipo de m&oacute;vel &eacute; sin&ocirc;nimo de qualidade e longa vida &uacute;til e, em um momento em que a sustentabilidade est&aacute; em pauta, os m&oacute;veis de madeira podem ser uma boa alternativa ecol&oacute;gica, devido ao seu bom manejo e o benef&iacute;cio da reutiliza&ccedil;&atilde;o. Assim, al&eacute;m de economia e exclusividade na decora&ccedil;&atilde;o, um ambiente decorado com m&oacute;veis de madeira, tamb&eacute;m, sin&ocirc;nimo de cuidado com o meio ambiente. A madeira oferece mais resist&ecirc;ncia ao desgaste natural do tempo e maior durabilidade, por causa de suas caracter&iacute;sticas naturais e maior resist&ecirc;ncia &agrave; &aacute;gua.Garantia03 meses garantia de f&aacute;bricaCaracter&iacute;sticas- Preto\/Natural- Estrutura: Madeira Eucalipto&nbsp;&#8211; Acabamento: Pintura PU- Peso suportado: 60 kg- M&oacute;vel entregue desmontado- Marca: DeissDimens&otilde;esPeso: 12 kgAltura: 107 cmLargura: 60 cmProfundidade: 60 cmOutras Informa&ccedil;&otilde;es- Montagem n&atilde;o inclusa.- Na limpeza n&atilde;o utilizar produtos qu&iacute;micos e abrasivos, usar apenas um pano umedecido, para garantir a maior durabilidade do m&oacute;vel.- Os objetos que ambientam as fotos n&atilde;o acompanham o produto.- Imagens meramente ilustrativas. Cores e tonalidades podem variar.- Antes de comprar o seu produto verifique as medidas, o local onde pretende instalar e se &eacute; necess&aacute;rio contratar o servi&ccedil;o de um profissional qualificado<\/p>\n<h4>Aproveite e pesquise o pre\u00e7o deste produto em dezenas de lojas dos marketplaces abaixo:<\/h4>\n<p><a href=\"https:\/\/www.magazinevoce.com.br\/magazineezu\/busca\/Mesa Bistr\u00f4 em Madeira Maci\u00e7a Milena Preto\/Natural\/\" target=\"_blank\" rel=\"noopener\"><img decoding=\"async\" src=\"https:\/\/mvc.mlcdn.com.br\/ad\/2503_superofertas.png\" alt=\"Pesquise no Magazine eZu\" \/> &#8211; da Parceria MAGALU<\/a>.<\/p>\n<p>Ainda n\u00e3o encontrou a melhor op\u00e7\u00e3o de compra? Oferecemos mais uma possibilidade de <strong>busca<\/strong> mais ampla para <a href=\"https:\/\/ecompare.com.br\/lojas\/resultados-da-pesquisa\/?q=Mesa Bistr\u00f4 em Madeira Maci\u00e7a Milena Preto\/Natural#gsc.tab=0&amp;gsc.q=Mesa Bistr\u00f4 em Madeira Maci\u00e7a Milena Preto\/Natural&amp;gsc.page=1\" target=\"_blank\" rel=\"noopener\">Mesa Bistr\u00f4 em Madeira Maci\u00e7a Milena Preto\/Natural, clique e continue <strong>pesquisando&#8230;<\/strong><\/a><\/p>\n<hr \/>\n","protected":false},"excerpt":{"rendered":"<p>R$ 663.67 nas lojas <a href=\"https:\/\/www.awin1.com\/pclick.php?p=38605492312&#038;a=690303&#038;m=100453\" target=\"_blank\" rel=\"sponsored\">Casa Tema BR<\/a><\/p>\n","protected":false},"author":1,"featured_media":0,"comment_status":"closed","ping_status":"closed","sticky":false,"template":"","format":"standard","meta":{"footnotes":""},"categories":[2],"tags":[561,21],"class_list":["post-75914","post","type-post","status-publish","format-standard","hentry","category-produtos","tag-663-67","tag-casa-tema-br"],"_links":{"self":[{"href":"https:\/\/jr1.com.br\/shopping\/wp-json\/wp\/v2\/posts\/75914","targetHints":{"allow":["GET"]}}],"collection":[{"href":"https:\/\/jr1.com.br\/shopping\/wp-json\/wp\/v2\/posts"}],"about":[{"href":"https:\/\/jr1.com.br\/shopping\/wp-json\/wp\/v2\/types\/post"}],"author":[{"embeddable":true,"href":"https:\/\/jr1.com.br\/shopping\/wp-json\/wp\/v2\/users\/1"}],"replies":[{"embeddable":true,"href":"https:\/\/jr1.com.br\/shopping\/wp-json\/wp\/v2\/comments?post=75914"}],"version-history":[{"count":0,"href":"https:\/\/jr1.com.br\/shopping\/wp-json\/wp\/v2\/posts\/75914\/revisions"}],"wp:attachment":[{"href":"https:\/\/jr1.com.br\/shopping\/wp-json\/wp\/v2\/media?parent=75914"}],"wp:term":[{"taxonomy":"category","embeddable":true,"href":"https:\/\/jr1.com.br\/shopping\/wp-json\/wp\/v2\/categories?post=75914"},{"taxonomy":"post_tag","embeddable":true,"href":"https:\/\/jr1.com.br\/shopping\/wp-json\/wp\/v2\/tags?post=75914"}],"curies":[{"name":"wp","href":"https:\/\/api.w.org\/{rel}","templated":true}]}}