{"id":75925,"date":"2026-03-09T17:40:47","date_gmt":"2026-03-09T17:40:47","guid":{"rendered":"https:\/\/jr1.com.br\/shopping\/2026\/03\/09\/nicho-cubo-com-fundo-branco-glas-baby-bramov-moveis-branco\/"},"modified":"2026-03-09T17:40:47","modified_gmt":"2026-03-09T17:40:47","slug":"nicho-cubo-com-fundo-branco-glas-baby-bramov-moveis-branco","status":"publish","type":"post","link":"https:\/\/jr1.com.br\/shopping\/2026\/03\/09\/nicho-cubo-com-fundo-branco-glas-baby-bramov-moveis-branco\/","title":{"rendered":"Nicho Cubo com Fundo Branco Glas Baby Bramov M\u00f3veis Branco"},"content":{"rendered":"<h2><\/h2>\n<h3>O pre\u00e7o de Nicho Cubo com Fundo Branco Glas Baby Bramov M\u00f3veis Branco no dia acima especificado era de <strong>R$ 215.54<\/strong>.<\/h3>\n<p>Confira o pre\u00e7o atual aqui: <a href=\"https:\/\/www.awin1.com\/pclick.php?p=38605494355&#038;a=690303&#038;m=100453\" rel=\"noopener sponsored\"><img decoding=\"async\" src=\"https:\/\/ui.awin.com\/images\/upload\/merchant\/profile\/100453.png\" alt=\"Nicho Cubo com Fundo Branco Glas Baby Bramov M\u00f3veis Branco\" \/> &#8211; nas lojas Casa Tema BR<\/a><\/p>\n<p><img decoding=\"async\" src=\"https:\/\/casatema.vteximg.com.br\/arquivos\/ids\/865653_2\" alt=\"Nicho Cubo com Fundo Branco Glas Baby Bramov M\u00f3veis Branco\" \/><br \/>\nNicho Cubo com Fundo Branco Glas Baby Bramov M\u00f3veis BrancoNicho Cubo com Fundo Branco Glas Baby Bramov M\u00f3veis Branco. Esse Nicho com design moderno e funcional, \u00e9 conhecido na decora\u00e7\u00e3o como uma pe\u00e7a &#8220;coringa&#8221;&#8221; porque pode ser valorizada em qualquer ambiente, pode ser usada no seu quarto, no quarto das crian\u00e7as, na sala, cozinha, \u00e1rea de servi\u00e7o, banheiro, escrit\u00f3rio, enfim, em diversos ambientes. Pode ser utilizado para decorar pequenos ambientes com praticidade, e aproveitar todos os espa\u00e7os da sua casa. \u00c9 perfeito para expor suas cole\u00e7\u00f5es ou brinquedo das crian\u00e7as, ou ainda valorizar os seus livros e decora\u00e7\u00f5es.Caracter\u00edsticas:Tipo de Nicho: CuboMaterial da Prateleira: MDF\/MDPNecessita Montagem: SimResistente \u00e0 Chuva: N\u00e3oCor: BrancoItens Inclusos: Nicho , Parafusos e Manual de MontagemSuporta At\u00e9 (kg): 5 kgSistema de Montagem: ParafusosInforma\u00e7\u00f5es Complementares: Qualidade da Mat\u00e9ria-Prima \u00e9 MASISA\/ARAUCOAcabamento: Melam\u00ednicoAltura: 40 cmAmbiente: Quarto InfantilComplexidade da Montagem: Baixa: pode ser montado por uma pessoa sozinhaCor Predominante: BrancoEscala de Brilho: FoscoGarantia: 03 mesesLargura: 80 cmProfundidade: 40 cmLinha ou Cole\u00e7\u00e3o: BabyMaterial do Fundo: MDFMaterial Principal: MDF\/MDPPeso: 10,7 kgPossui Espelho: N\u00e3oPossui Fundo: SimPossui Portas: N\u00e3oPossui Prateleiras: N\u00e3oPossui Toalheiro: N\u00e3oRecomenda\u00e7\u00f5es de Uso, Manuten\u00e7\u00e3o e Limpeza: Limpar apenas com pano macio levemente umedecido.&#8221;<\/p>\n<h4>Aproveite e pesquise o pre\u00e7o deste produto em dezenas de lojas dos marketplaces abaixo:<\/h4>\n<p><a href=\"https:\/\/www.magazinevoce.com.br\/magazineezu\/busca\/Nicho Cubo com Fundo Branco Glas Baby Bramov M\u00f3veis Branco\/\" target=\"_blank\" rel=\"noopener\"><img decoding=\"async\" src=\"https:\/\/mvc.mlcdn.com.br\/ad\/2503_superofertas.png\" alt=\"Pesquise no Magazine eZu\" \/> &#8211; da Parceria MAGALU<\/a>.<\/p>\n<p>Ainda n\u00e3o encontrou a melhor op\u00e7\u00e3o de compra? Oferecemos mais uma possibilidade de <strong>busca<\/strong> mais ampla para <a href=\"https:\/\/ecompare.com.br\/lojas\/resultados-da-pesquisa\/?q=Nicho Cubo com Fundo Branco Glas Baby Bramov M\u00f3veis Branco#gsc.tab=0&amp;gsc.q=Nicho Cubo com Fundo Branco Glas Baby Bramov M\u00f3veis Branco&amp;gsc.page=1\" target=\"_blank\" rel=\"noopener\">Nicho Cubo com Fundo Branco Glas Baby Bramov M\u00f3veis Branco, clique e continue <strong>pesquisando&#8230;<\/strong><\/a><\/p>\n<hr \/>\n","protected":false},"excerpt":{"rendered":"<p>R$ 215.54 nas lojas <a href=\"https:\/\/www.awin1.com\/pclick.php?p=38605494355&#038;a=690303&#038;m=100453\" target=\"_blank\" rel=\"sponsored\">Casa Tema BR<\/a><\/p>\n","protected":false},"author":1,"featured_media":0,"comment_status":"closed","ping_status":"closed","sticky":false,"template":"","format":"standard","meta":{"footnotes":""},"categories":[2],"tags":[634,21],"class_list":["post-75925","post","type-post","status-publish","format-standard","hentry","category-produtos","tag-215-54","tag-casa-tema-br"],"_links":{"self":[{"href":"https:\/\/jr1.com.br\/shopping\/wp-json\/wp\/v2\/posts\/75925","targetHints":{"allow":["GET"]}}],"collection":[{"href":"https:\/\/jr1.com.br\/shopping\/wp-json\/wp\/v2\/posts"}],"about":[{"href":"https:\/\/jr1.com.br\/shopping\/wp-json\/wp\/v2\/types\/post"}],"author":[{"embeddable":true,"href":"https:\/\/jr1.com.br\/shopping\/wp-json\/wp\/v2\/users\/1"}],"replies":[{"embeddable":true,"href":"https:\/\/jr1.com.br\/shopping\/wp-json\/wp\/v2\/comments?post=75925"}],"version-history":[{"count":0,"href":"https:\/\/jr1.com.br\/shopping\/wp-json\/wp\/v2\/posts\/75925\/revisions"}],"wp:attachment":[{"href":"https:\/\/jr1.com.br\/shopping\/wp-json\/wp\/v2\/media?parent=75925"}],"wp:term":[{"taxonomy":"category","embeddable":true,"href":"https:\/\/jr1.com.br\/shopping\/wp-json\/wp\/v2\/categories?post=75925"},{"taxonomy":"post_tag","embeddable":true,"href":"https:\/\/jr1.com.br\/shopping\/wp-json\/wp\/v2\/tags?post=75925"}],"curies":[{"name":"wp","href":"https:\/\/api.w.org\/{rel}","templated":true}]}}