{"id":75952,"date":"2026-03-20T12:19:51","date_gmt":"2026-03-20T12:19:51","guid":{"rendered":"https:\/\/jr1.com.br\/shopping\/2026\/03\/20\/conjunto-2-nichos-salvatori-baby-bramov-moveis-geneve\/"},"modified":"2026-03-20T12:19:51","modified_gmt":"2026-03-20T12:19:51","slug":"conjunto-2-nichos-salvatori-baby-bramov-moveis-geneve","status":"publish","type":"post","link":"https:\/\/jr1.com.br\/shopping\/2026\/03\/20\/conjunto-2-nichos-salvatori-baby-bramov-moveis-geneve\/","title":{"rendered":"Conjunto 2 Nichos Salvatori Baby Bramov M\u00f3veis Geneve"},"content":{"rendered":"<h2><\/h2>\n<h3>O pre\u00e7o de Conjunto 2 Nichos Salvatori Baby Bramov M\u00f3veis Geneve no dia acima especificado era de <strong>R$ 262.80<\/strong>.<\/h3>\n<p>Confira o pre\u00e7o atual aqui: <a href=\"https:\/\/www.awin1.com\/pclick.php?p=38605494372&#038;a=690303&#038;m=100453\" rel=\"noopener sponsored\"><img decoding=\"async\" src=\"https:\/\/ui.awin.com\/images\/upload\/merchant\/profile\/100453.png\" alt=\"Conjunto 2 Nichos Salvatori Baby Bramov M\u00f3veis Geneve\" \/> &#8211; nas lojas Casa Tema BR<\/a><\/p>\n<p><img decoding=\"async\" src=\"https:\/\/casatema.vteximg.com.br\/arquivos\/ids\/865736_2\" alt=\"Conjunto 2 Nichos Salvatori Baby Bramov M\u00f3veis Geneve\" \/><br \/>\nConjunto 2 Nichos Salvatori Baby Bramov M\u00f3veis GeneveConjunto 2 Nichos Salvatori Baby Bramov M\u00f3veis Geneve. Esse Nicho com design moderno e funcional, \u00e9 conhecido na decora\u00e7\u00e3o como uma pe\u00e7a coringa porque pode ser valorizada em qualquer ambiente, pode ser usada no seu quarto, no quarto das crian\u00e7as, na sala, cozinha, \u00e1rea de servi\u00e7o, banheiro, escrit\u00f3rio, enfim, em diversos ambientes. Pode ser utilizado para decorar pequenos ambientes com praticidade, e aproveitar todos os espa\u00e7os da sua casa. \u00c9 perfeito para expor suas cole\u00e7\u00f5es ou brinquedo das crian\u00e7as, ou ainda valorizar os seus livros e decora\u00e7\u00f5es.Caracter\u00edsticas:Tipo de Nicho: CuboVidro Temperado: N\u00e3oNecessita Montagem: SimResistente \u00e0 Chuva: N\u00e3oSistema de Montagem: ParafusosCor: GeneveItens Inclusos: 2 Nichos, parafusos e manual de montagemProfundidade: 40 cmGarantia: 03 mesesAcabamento: Melam\u00ednicoAltura: 20 cmAmbiente: Quarto InfantilComplexidade da Montagem: Baixa: pode ser montado por uma pessoa sozinhaCor Predominante: BegeEscala de Brilho: FoscoInforma\u00e7\u00f5es Complementares: Qualidade da Mat\u00e9ria-Prima \u00e9 MASISA\/ARAUCOPossui Toalheiro: N\u00e3oLargura: 40 cmLinha ou Cole\u00e7\u00e3o: BabyMaterial Principal: MDF\/MDPPeso: 5 kgPossui Espelho: N\u00e3oPossui Fundo: N\u00e3oPossui Portas: N\u00e3oPossui Prateleiras: N\u00e3oRecomenda\u00e7\u00f5es de Uso, Manuten\u00e7\u00e3o e Limpeza: Limpar apenas com pano macio levemente umedecido.<\/p>\n<h4>Aproveite e pesquise o pre\u00e7o deste produto em dezenas de lojas dos marketplaces abaixo:<\/h4>\n<p><a href=\"https:\/\/www.magazinevoce.com.br\/magazineezu\/busca\/Conjunto 2 Nichos Salvatori Baby Bramov M\u00f3veis Geneve\/\" target=\"_blank\" rel=\"noopener\"><img decoding=\"async\" src=\"https:\/\/mvc.mlcdn.com.br\/ad\/2503_superofertas.png\" alt=\"Pesquise no Magazine eZu\" \/> &#8211; da Parceria MAGALU<\/a>.<\/p>\n<p>Ainda n\u00e3o encontrou a melhor op\u00e7\u00e3o de compra? Oferecemos mais uma possibilidade de <strong>busca<\/strong> mais ampla para <a href=\"https:\/\/ecompare.com.br\/lojas\/resultados-da-pesquisa\/?q=Conjunto 2 Nichos Salvatori Baby Bramov M\u00f3veis Geneve#gsc.tab=0&amp;gsc.q=Conjunto 2 Nichos Salvatori Baby Bramov M\u00f3veis Geneve&amp;gsc.page=1\" target=\"_blank\" rel=\"noopener\">Conjunto 2 Nichos Salvatori Baby Bramov M\u00f3veis Geneve, clique e continue <strong>pesquisando&#8230;<\/strong><\/a><\/p>\n<hr \/>\n","protected":false},"excerpt":{"rendered":"<p>R$ 262.80 nas lojas <a href=\"https:\/\/www.awin1.com\/pclick.php?p=38605494372&#038;a=690303&#038;m=100453\" target=\"_blank\" rel=\"sponsored\">Casa Tema BR<\/a><\/p>\n","protected":false},"author":1,"featured_media":0,"comment_status":"closed","ping_status":"closed","sticky":false,"template":"","format":"standard","meta":{"footnotes":""},"categories":[2],"tags":[942,21],"class_list":["post-75952","post","type-post","status-publish","format-standard","hentry","category-produtos","tag-262-80","tag-casa-tema-br"],"_links":{"self":[{"href":"https:\/\/jr1.com.br\/shopping\/wp-json\/wp\/v2\/posts\/75952","targetHints":{"allow":["GET"]}}],"collection":[{"href":"https:\/\/jr1.com.br\/shopping\/wp-json\/wp\/v2\/posts"}],"about":[{"href":"https:\/\/jr1.com.br\/shopping\/wp-json\/wp\/v2\/types\/post"}],"author":[{"embeddable":true,"href":"https:\/\/jr1.com.br\/shopping\/wp-json\/wp\/v2\/users\/1"}],"replies":[{"embeddable":true,"href":"https:\/\/jr1.com.br\/shopping\/wp-json\/wp\/v2\/comments?post=75952"}],"version-history":[{"count":0,"href":"https:\/\/jr1.com.br\/shopping\/wp-json\/wp\/v2\/posts\/75952\/revisions"}],"wp:attachment":[{"href":"https:\/\/jr1.com.br\/shopping\/wp-json\/wp\/v2\/media?parent=75952"}],"wp:term":[{"taxonomy":"category","embeddable":true,"href":"https:\/\/jr1.com.br\/shopping\/wp-json\/wp\/v2\/categories?post=75952"},{"taxonomy":"post_tag","embeddable":true,"href":"https:\/\/jr1.com.br\/shopping\/wp-json\/wp\/v2\/tags?post=75952"}],"curies":[{"name":"wp","href":"https:\/\/api.w.org\/{rel}","templated":true}]}}