{"id":76036,"date":"2026-03-21T17:43:10","date_gmt":"2026-03-21T17:43:10","guid":{"rendered":"https:\/\/jr1.com.br\/shopping\/2026\/03\/21\/prateleira-externa-canoira-para-guarda-roupa-luna-smim-em-mdf-moveis-peroba-carvalho\/"},"modified":"2026-03-21T17:43:10","modified_gmt":"2026-03-21T17:43:10","slug":"prateleira-externa-canoira-para-guarda-roupa-luna-smim-em-mdf-moveis-peroba-carvalho","status":"publish","type":"post","link":"https:\/\/jr1.com.br\/shopping\/2026\/03\/21\/prateleira-externa-canoira-para-guarda-roupa-luna-smim-em-mdf-moveis-peroba-carvalho\/","title":{"rendered":"Prateleira Externa Canoira para Guarda Roupa Luna\/Smim em MDF M\u00f3veis Peroba Carvalho"},"content":{"rendered":"<h2><\/h2>\n<h3>O pre\u00e7o de Prateleira Externa Canoira para Guarda Roupa Luna\/Smim em MDF M\u00f3veis Peroba Carvalho no dia acima especificado era de <strong>R$ 157.11<\/strong>.<\/h3>\n<p>Confira o pre\u00e7o atual aqui: <a href=\"https:\/\/www.awin1.com\/pclick.php?p=38605494403&#038;a=690303&#038;m=100453\" rel=\"noopener sponsored\"><img decoding=\"async\" src=\"https:\/\/ui.awin.com\/images\/upload\/merchant\/profile\/100453.png\" alt=\"Prateleira Externa Canoira para Guarda Roupa Luna\/Smim em MDF M\u00f3veis Peroba Carvalho\" \/> &#8211; nas lojas Casa Tema BR<\/a><\/p>\n<p><img decoding=\"async\" src=\"https:\/\/casatema.vteximg.com.br\/arquivos\/ids\/866032_2\" alt=\"Prateleira Externa Canoira para Guarda Roupa Luna\/Smim em MDF M\u00f3veis Peroba Carvalho\" \/><br \/>\nPrateleira Externa Canoira para Guarda Roupa Luna\/Smim em MDF M\u00f3veis Peroba CarvalhoPrateleira Externa Canoira para Guarda Roupa Luna\/Smim em MDF M\u00f3veis Peroba Carvalho. A Prateleira Externa Guarda Roupas Smim ou Luna \u00e9 um produto 100% MDF e possui pintura at\u00f3xica. As prateleiras possuem cantos redondos, s\u00e3o fabricadas em mdf 15 mm e possuem bordas arredondadas em perfil PVC, proporcionando maior seguran\u00e7a e uma sensa\u00e7\u00e3o agrad\u00e1vel ao toque.Caracter\u00edsticas:Cor: CarvalhoAltura: 173,7 cmNecessita Montagem: SimSistema de Montagem: Parafusos autoatarraxantes, conjuntos minifix, cavilhas de madeira, acess\u00f3rios pl\u00e1sticos e met\u00e1licosComplexidade da Montagem: Baixa: pode ser montado por uma pessoa sozinhaPossui Portas: N\u00e3oPossui Prateleiras: 04Peso M\u00e1ximo por Prateleira: 5 kgMaterial da Prateleira: MDFEscala de Brilho: Semi-BrilhoCor Predominante: MarromProfundidade: 39,2 cmCor do Produto: CarvalhoInforma\u00e7\u00f5es Complementares: Pintura UV At\u00f3xica. Suporte m\u00e1ximo 1Kg por prateleira. N\u00e3o \u00e9 recomendada a montagem sem a fixa\u00e7\u00e3o ao Guarda Roupa.Itens Inclusos: 1 Prateleira\/Cantoneira para GR, Kit de Ferragens e Manual de MontagemLargura: 24,2 cmPeso: 7Garantia: 03 mesesMaterial Principal: MDFLinha ou Cole\u00e7\u00e3o: Luna\/SmimAmbiente Principal: Quarto InfantilTipo de Nicho: PrateleiraSuporta At\u00e9 (kg): 5Possui Toalheiro: N\u00e3oPossui Espelho: N\u00e3o PossuiPossui Fundo: SimMaterial do Fundo: MDFOrigem do Produto: NacionalAcabamento: Pintura UVRecomenda\u00e7\u00f5es de Uso, Manuten\u00e7\u00e3o e Limpeza: Para limpeza utilizar somente pano limpo e macio, ligeiramente umedecido em \u00e1gua (apenas o bastante para remover a poeira), seguido de um pano seco.<\/p>\n<h4>Aproveite e pesquise o pre\u00e7o deste produto em dezenas de lojas dos marketplaces abaixo:<\/h4>\n<p><a href=\"https:\/\/www.magazinevoce.com.br\/magazineezu\/busca\/Prateleira Externa Canoira para Guarda Roupa Luna\/Smim em MDF M\u00f3veis Peroba Carvalho\/\" target=\"_blank\" rel=\"noopener\"><img decoding=\"async\" src=\"https:\/\/mvc.mlcdn.com.br\/ad\/2503_superofertas.png\" alt=\"Pesquise no Magazine eZu\" \/> &#8211; da Parceria MAGALU<\/a>.<\/p>\n<p>Ainda n\u00e3o encontrou a melhor op\u00e7\u00e3o de compra? Oferecemos mais uma possibilidade de <strong>busca<\/strong> mais ampla para <a href=\"https:\/\/ecompare.com.br\/lojas\/resultados-da-pesquisa\/?q=Prateleira Externa Canoira para Guarda Roupa Luna\/Smim em MDF M\u00f3veis Peroba Carvalho#gsc.tab=0&amp;gsc.q=Prateleira Externa Canoira para Guarda Roupa Luna\/Smim em MDF M\u00f3veis Peroba Carvalho&amp;gsc.page=1\" target=\"_blank\" rel=\"noopener\">Prateleira Externa Canoira para Guarda Roupa Luna\/Smim em MDF M\u00f3veis Peroba Carvalho, clique e continue <strong>pesquisando&#8230;<\/strong><\/a><\/p>\n<hr \/>\n","protected":false},"excerpt":{"rendered":"<p>R$ 157.11 nas lojas <a href=\"https:\/\/www.awin1.com\/pclick.php?p=38605494403&#038;a=690303&#038;m=100453\" target=\"_blank\" rel=\"sponsored\">Casa Tema BR<\/a><\/p>\n","protected":false},"author":1,"featured_media":0,"comment_status":"closed","ping_status":"closed","sticky":false,"template":"","format":"standard","meta":{"footnotes":""},"categories":[2],"tags":[965,21],"class_list":["post-76036","post","type-post","status-publish","format-standard","hentry","category-produtos","tag-157-11","tag-casa-tema-br"],"_links":{"self":[{"href":"https:\/\/jr1.com.br\/shopping\/wp-json\/wp\/v2\/posts\/76036","targetHints":{"allow":["GET"]}}],"collection":[{"href":"https:\/\/jr1.com.br\/shopping\/wp-json\/wp\/v2\/posts"}],"about":[{"href":"https:\/\/jr1.com.br\/shopping\/wp-json\/wp\/v2\/types\/post"}],"author":[{"embeddable":true,"href":"https:\/\/jr1.com.br\/shopping\/wp-json\/wp\/v2\/users\/1"}],"replies":[{"embeddable":true,"href":"https:\/\/jr1.com.br\/shopping\/wp-json\/wp\/v2\/comments?post=76036"}],"version-history":[{"count":0,"href":"https:\/\/jr1.com.br\/shopping\/wp-json\/wp\/v2\/posts\/76036\/revisions"}],"wp:attachment":[{"href":"https:\/\/jr1.com.br\/shopping\/wp-json\/wp\/v2\/media?parent=76036"}],"wp:term":[{"taxonomy":"category","embeddable":true,"href":"https:\/\/jr1.com.br\/shopping\/wp-json\/wp\/v2\/categories?post=76036"},{"taxonomy":"post_tag","embeddable":true,"href":"https:\/\/jr1.com.br\/shopping\/wp-json\/wp\/v2\/tags?post=76036"}],"curies":[{"name":"wp","href":"https:\/\/api.w.org\/{rel}","templated":true}]}}