{"id":76039,"date":"2026-03-24T00:47:06","date_gmt":"2026-03-24T00:47:06","guid":{"rendered":"https:\/\/jr1.com.br\/shopping\/2026\/03\/24\/quarto-de-bebe-com-guarda-roupa-4-portas-1-comoda-e-1-berco-mini-cama-faz-de-conta-espresso-moveis-branco\/"},"modified":"2026-03-24T00:47:06","modified_gmt":"2026-03-24T00:47:06","slug":"quarto-de-bebe-com-guarda-roupa-4-portas-1-comoda-e-1-berco-mini-cama-faz-de-conta-espresso-moveis-branco","status":"publish","type":"post","link":"https:\/\/jr1.com.br\/shopping\/2026\/03\/24\/quarto-de-bebe-com-guarda-roupa-4-portas-1-comoda-e-1-berco-mini-cama-faz-de-conta-espresso-moveis-branco\/","title":{"rendered":"Quarto de Beb\u00ea com Guarda Roupa 4 Portas 1 C\u00f4moda e 1 Ber\u00e7o Mini Cama Faz de Conta Espresso M\u00f3veis Branco"},"content":{"rendered":"<h2><\/h2>\n<h3>O pre\u00e7o de Quarto de Beb\u00ea com Guarda Roupa 4 Portas 1 C\u00f4moda e 1 Ber\u00e7o Mini Cama Faz de Conta Espresso M\u00f3veis Branco no dia acima especificado era de <strong>R$ 2930.42<\/strong>.<\/h3>\n<p>Confira o pre\u00e7o atual aqui: <a href=\"https:\/\/www.awin1.com\/pclick.php?p=38605494406&#038;a=690303&#038;m=100453\" rel=\"noopener sponsored\"><img decoding=\"async\" src=\"https:\/\/ui.awin.com\/images\/upload\/merchant\/profile\/100453.png\" alt=\"Quarto de Beb\u00ea com Guarda Roupa 4 Portas 1 C\u00f4moda e 1 Ber\u00e7o Mini Cama Faz de Conta Espresso M\u00f3veis Branco\" \/> &#8211; nas lojas Casa Tema BR<\/a><\/p>\n<p><img decoding=\"async\" src=\"https:\/\/casatema.vteximg.com.br\/arquivos\/ids\/866048_2\" alt=\"Quarto de Beb\u00ea com Guarda Roupa 4 Portas 1 C\u00f4moda e 1 Ber\u00e7o Mini Cama Faz de Conta Espresso M\u00f3veis Branco\" \/><br \/>\nQuarto de Beb\u00ea com Guarda Roupa 4 Portas 1 C\u00f4moda e 1 Ber\u00e7o Mini Cama Faz de Conta Espresso M\u00f3veis BrancoQuarto de Beb\u00ea com Guarda Roupa 4 Portas 1 C\u00f4moda e 1 Ber\u00e7o Mini Cama Faz de Conta Espresso M\u00f3veis Branco. O quartinho Casinha Faz de Conta, conta com um lindo e guarda roupa no estilo americano, com um \u00f3timo espa\u00e7o interno, sendo poss\u00edvel utilizar nas diversas etapas de idade da crian\u00e7a. Possui 4 Portas, cabideiro e diversas prateleiras, al\u00e9m de 4 amplas gavetas. A bela c\u00f4moda tamb\u00e9m no mesmo estilo do guarda roupas, possui 4 amplas gavetas e 1 porta com 2 prateleiras para organizar itens maiores. O Ber\u00e7o 2 em 1, que se transforma em cama, no estilo casinha, fica pr\u00f3xima ao ch\u00e3o, proporcionando maior acessibilidade \u00e0 crian\u00e7a. Foi projetado para desenvolver e estimular a autonomia da crian\u00e7a de forma segura para que ela se sinta a vontade para explorar seu espa\u00e7o. 100% MDF, possui estrutura robusta e dur\u00e1vel. A seguran\u00e7a tamb\u00e9m \u00e9 outro destaque, pois est\u00e1 certificado e aprovado conforme normas do Inmetro.Caracter\u00edsticas:Acabamento: Pintura UVCor: BrancoSistema de Montagem: Parafusos, Cavilhas, Minifix e Pregos.Necessita Montagem: SimPeso: 215Cor do Produto: BrancoItens Inclusos: 1 Guarda Roupa Faz de Conta 1 Ber\u00e7o Cabana 1 C\u00f4moda Faz de ContaProfundidade: 46,5 cmMaterial Principal: MDF\/MDPAmbiente Principal: Quarto de Beb\u00eaOrigem do Produto: NacionalAltura: 220,5 cmComplexidade da Montagem: Alta: deve ser montado por um montador especializadoCor Predominante: BrancoEscala de Brilho: FoscoGarantia: 03 mesesInforma\u00e7\u00f5es Complementares: Guarda Roupa Faz de Conta 220,5cmx158,5cmx46,5cm; Ber\u00e7o Cabana 141,5cmx135cmx76,2cm; C\u00f4moda Faz de Conta 101cmx126,5cmx51cm.Largura: 158,5 cmLinha ou Cole\u00e7\u00e3o: Faz de ContaRecomenda\u00e7\u00f5es de Uso, Manuten\u00e7\u00e3o e Limpeza: Recomendamos para limpeza de seu m\u00f3vel, use uma flanela seca ou umedecida. N\u00e3o utilize produtos qu\u00edmicos.<\/p>\n<h4>Aproveite e pesquise o pre\u00e7o deste produto em dezenas de lojas dos marketplaces abaixo:<\/h4>\n<p><a href=\"https:\/\/www.magazinevoce.com.br\/magazineezu\/busca\/Quarto de Beb\u00ea com Guarda Roupa 4 Portas 1 C\u00f4moda e 1 Ber\u00e7o Mini Cama Faz de Conta Espresso M\u00f3veis Branco\/\" target=\"_blank\" rel=\"noopener\"><img decoding=\"async\" src=\"https:\/\/mvc.mlcdn.com.br\/ad\/2503_superofertas.png\" alt=\"Pesquise no Magazine eZu\" \/> &#8211; da Parceria MAGALU<\/a>.<\/p>\n<p>Ainda n\u00e3o encontrou a melhor op\u00e7\u00e3o de compra? Oferecemos mais uma possibilidade de <strong>busca<\/strong> mais ampla para <a href=\"https:\/\/ecompare.com.br\/lojas\/resultados-da-pesquisa\/?q=Quarto de Beb\u00ea com Guarda Roupa 4 Portas 1 C\u00f4moda e 1 Ber\u00e7o Mini Cama Faz de Conta Espresso M\u00f3veis Branco#gsc.tab=0&amp;gsc.q=Quarto de Beb\u00ea com Guarda Roupa 4 Portas 1 C\u00f4moda e 1 Ber\u00e7o Mini Cama Faz de Conta Espresso M\u00f3veis Branco&amp;gsc.page=1\" target=\"_blank\" rel=\"noopener\">Quarto de Beb\u00ea com Guarda Roupa 4 Portas 1 C\u00f4moda e 1 Ber\u00e7o Mini Cama Faz de Conta Espresso M\u00f3veis Branco, clique e continue <strong>pesquisando&#8230;<\/strong><\/a><\/p>\n<hr \/>\n","protected":false},"excerpt":{"rendered":"<p>R$ 2930.42 nas lojas <a href=\"https:\/\/www.awin1.com\/pclick.php?p=38605494406&#038;a=690303&#038;m=100453\" target=\"_blank\" rel=\"sponsored\">Casa Tema BR<\/a><\/p>\n","protected":false},"author":1,"featured_media":0,"comment_status":"closed","ping_status":"closed","sticky":false,"template":"","format":"standard","meta":{"footnotes":""},"categories":[2],"tags":[966,21],"class_list":["post-76039","post","type-post","status-publish","format-standard","hentry","category-produtos","tag-2930-42","tag-casa-tema-br"],"_links":{"self":[{"href":"https:\/\/jr1.com.br\/shopping\/wp-json\/wp\/v2\/posts\/76039","targetHints":{"allow":["GET"]}}],"collection":[{"href":"https:\/\/jr1.com.br\/shopping\/wp-json\/wp\/v2\/posts"}],"about":[{"href":"https:\/\/jr1.com.br\/shopping\/wp-json\/wp\/v2\/types\/post"}],"author":[{"embeddable":true,"href":"https:\/\/jr1.com.br\/shopping\/wp-json\/wp\/v2\/users\/1"}],"replies":[{"embeddable":true,"href":"https:\/\/jr1.com.br\/shopping\/wp-json\/wp\/v2\/comments?post=76039"}],"version-history":[{"count":0,"href":"https:\/\/jr1.com.br\/shopping\/wp-json\/wp\/v2\/posts\/76039\/revisions"}],"wp:attachment":[{"href":"https:\/\/jr1.com.br\/shopping\/wp-json\/wp\/v2\/media?parent=76039"}],"wp:term":[{"taxonomy":"category","embeddable":true,"href":"https:\/\/jr1.com.br\/shopping\/wp-json\/wp\/v2\/categories?post=76039"},{"taxonomy":"post_tag","embeddable":true,"href":"https:\/\/jr1.com.br\/shopping\/wp-json\/wp\/v2\/tags?post=76039"}],"curies":[{"name":"wp","href":"https:\/\/api.w.org\/{rel}","templated":true}]}}