{"id":76077,"date":"2026-03-21T15:12:23","date_gmt":"2026-03-21T15:12:23","guid":{"rendered":"https:\/\/jr1.com.br\/shopping\/2026\/03\/21\/quarto-de-bebe-com-guarda-roupa-3-portas-comoda-e-berco-3-em-1-lapis-de-cor-espresso-moveis-branco-rustico\/"},"modified":"2026-03-21T15:12:23","modified_gmt":"2026-03-21T15:12:23","slug":"quarto-de-bebe-com-guarda-roupa-3-portas-comoda-e-berco-3-em-1-lapis-de-cor-espresso-moveis-branco-rustico","status":"publish","type":"post","link":"https:\/\/jr1.com.br\/shopping\/2026\/03\/21\/quarto-de-bebe-com-guarda-roupa-3-portas-comoda-e-berco-3-em-1-lapis-de-cor-espresso-moveis-branco-rustico\/","title":{"rendered":"Quarto de Beb\u00ea com Guarda Roupa 3 Portas C\u00f4moda e Ber\u00e7o 3 em 1 L\u00e1pis de Cor Espresso M\u00f3veis Branco\/R\u00fastico"},"content":{"rendered":"<h2><\/h2>\n<h3>O pre\u00e7o de Quarto de Beb\u00ea com Guarda Roupa 3 Portas C\u00f4moda e Ber\u00e7o 3 em 1 L\u00e1pis de Cor Espresso M\u00f3veis Branco\/R\u00fastico no dia acima especificado era de <strong>R$ 1021.03<\/strong>.<\/h3>\n<p>Confira o pre\u00e7o atual aqui: <a href=\"https:\/\/www.awin1.com\/pclick.php?p=38605494423&#038;a=690303&#038;m=100453\" rel=\"noopener sponsored\"><img decoding=\"async\" src=\"https:\/\/ui.awin.com\/images\/upload\/merchant\/profile\/100453.png\" alt=\"Quarto de Beb\u00ea com Guarda Roupa 3 Portas C\u00f4moda e Ber\u00e7o 3 em 1 L\u00e1pis de Cor Espresso M\u00f3veis Branco\/R\u00fastico\" \/> &#8211; nas lojas Casa Tema BR<\/a><\/p>\n<p><img decoding=\"async\" src=\"https:\/\/casatema.vteximg.com.br\/arquivos\/ids\/866148_2\" alt=\"Quarto de Beb\u00ea com Guarda Roupa 3 Portas C\u00f4moda e Ber\u00e7o 3 em 1 L\u00e1pis de Cor Espresso M\u00f3veis Branco\/R\u00fastico\" \/><br \/>\nQuarto de Beb\u00ea com Guarda Roupa 3 Portas C\u00f4moda e Ber\u00e7o 3 em 1 L\u00e1pis de Cor Espresso M\u00f3veis Branco\/R\u00fasticoQuarto de Beb\u00ea com Guarda Roupa 3 Portas C\u00f4moda e Ber\u00e7o 3 em 1 L\u00e1pis de Cor Espresso M\u00f3veis Branco\/R\u00fastico. Esse lindo Conjunto de Quarto Infantil \u00e9 tudo o que voc\u00ea pediu em um \u00fanico ambiente. Toda essa combina\u00e7\u00e3o foi pensada para que este conjunto permane\u00e7a em sua casa por muitos anos acompanhando o crescimento de seus pequenos. Ele \u00e9 perfeito para tornar o ambiente do seu filho ainda mais lindo e aconchegante. O Ber\u00e7o Mini Cama traz todo o conforto e a seguran\u00e7a que seu beb\u00ea precisa para dormir tranquilo. Produzido em MDP, a sustenta\u00e7\u00e3o possui revestimento interno e externo com pintura UV, esse revestimento assegura durabilidade ao m\u00f3vel. Al\u00e9m de suas funcionalidades como, estrado com regulagem de altura, mosquiteiro, o ber\u00e7o se transforma em Sof\u00e1-cama e Mini-cama.Caracter\u00edsticas:Acabamento: Pintura UVCor: Branco\/R\u00fasticoCor do Produto: Branco\/R\u00fasticoCertificado: SimSuporta At\u00e9 (kg): 50Medida de Cada Item: Guarda Roupa: 180,5cm x 91cm x 40cm Ber\u00e7o: 101,5cm x 132,7cm x 68cm Ber\u00e7o com o suporte para mosquiteiro: 148,7cm x 132,7cm x 68cm C\u00f4moda: 93cm x 75cm x 40cmInforma\u00e7\u00f5es Complementares: Medida de Colch\u00e3o Indicada para o Ber\u00e7o: 130cm x 60cmItens Inclusos: 1 Roupeiro, 1 C\u00f4moda, 1 Ber\u00e7o e Manual de Montagem.Necessita Montagem: SimComplexidade da Montagem: Alta: deve ser montado por um montador especializadoOrigem do Produto: NacionalAltura: 180,5 cmAmbiente Principal: Quarto de Beb\u00eaCor Predominante: BrancoEscala de Brilho: BrilhanteGarantia: 03 mesesLargura: 91 cmLinha ou Cole\u00e7\u00e3o: L\u00e1pis de CorMaterial Principal: MDPPeso: 51 kgProfundidade: 46,5 cmSistema de Montagem: Parafusos, Cavilhas e Pregos.Recomenda\u00e7\u00f5es de Uso, Manuten\u00e7\u00e3o e Limpeza: Para limpeza de seu m\u00f3vel, use uma flanela seca ou umedecida. N\u00e3o utilize produtos qu\u00edmicos que possam danificar o produto.<\/p>\n<h4>Aproveite e pesquise o pre\u00e7o deste produto em dezenas de lojas dos marketplaces abaixo:<\/h4>\n<p><a href=\"https:\/\/www.magazinevoce.com.br\/magazineezu\/busca\/Quarto de Beb\u00ea com Guarda Roupa 3 Portas C\u00f4moda e Ber\u00e7o 3 em 1 L\u00e1pis de Cor Espresso M\u00f3veis Branco\/R\u00fastico\/\" target=\"_blank\" rel=\"noopener\"><img decoding=\"async\" src=\"https:\/\/mvc.mlcdn.com.br\/ad\/2503_superofertas.png\" alt=\"Pesquise no Magazine eZu\" \/> &#8211; da Parceria MAGALU<\/a>.<\/p>\n<p>Ainda n\u00e3o encontrou a melhor op\u00e7\u00e3o de compra? Oferecemos mais uma possibilidade de <strong>busca<\/strong> mais ampla para <a href=\"https:\/\/ecompare.com.br\/lojas\/resultados-da-pesquisa\/?q=Quarto de Beb\u00ea com Guarda Roupa 3 Portas C\u00f4moda e Ber\u00e7o 3 em 1 L\u00e1pis de Cor Espresso M\u00f3veis Branco\/R\u00fastico#gsc.tab=0&amp;gsc.q=Quarto de Beb\u00ea com Guarda Roupa 3 Portas C\u00f4moda e Ber\u00e7o 3 em 1 L\u00e1pis de Cor Espresso M\u00f3veis Branco\/R\u00fastico&amp;gsc.page=1\" target=\"_blank\" rel=\"noopener\">Quarto de Beb\u00ea com Guarda Roupa 3 Portas C\u00f4moda e Ber\u00e7o 3 em 1 L\u00e1pis de Cor Espresso M\u00f3veis Branco\/R\u00fastico, clique e continue <strong>pesquisando&#8230;<\/strong><\/a><\/p>\n<hr \/>\n","protected":false},"excerpt":{"rendered":"<p>R$ 1021.03 nas lojas <a href=\"https:\/\/www.awin1.com\/pclick.php?p=38605494423&#038;a=690303&#038;m=100453\" target=\"_blank\" rel=\"sponsored\">Casa Tema BR<\/a><\/p>\n","protected":false},"author":1,"featured_media":0,"comment_status":"closed","ping_status":"closed","sticky":false,"template":"","format":"standard","meta":{"footnotes":""},"categories":[2],"tags":[374,21],"class_list":["post-76077","post","type-post","status-publish","format-standard","hentry","category-produtos","tag-1021-03","tag-casa-tema-br"],"_links":{"self":[{"href":"https:\/\/jr1.com.br\/shopping\/wp-json\/wp\/v2\/posts\/76077","targetHints":{"allow":["GET"]}}],"collection":[{"href":"https:\/\/jr1.com.br\/shopping\/wp-json\/wp\/v2\/posts"}],"about":[{"href":"https:\/\/jr1.com.br\/shopping\/wp-json\/wp\/v2\/types\/post"}],"author":[{"embeddable":true,"href":"https:\/\/jr1.com.br\/shopping\/wp-json\/wp\/v2\/users\/1"}],"replies":[{"embeddable":true,"href":"https:\/\/jr1.com.br\/shopping\/wp-json\/wp\/v2\/comments?post=76077"}],"version-history":[{"count":0,"href":"https:\/\/jr1.com.br\/shopping\/wp-json\/wp\/v2\/posts\/76077\/revisions"}],"wp:attachment":[{"href":"https:\/\/jr1.com.br\/shopping\/wp-json\/wp\/v2\/media?parent=76077"}],"wp:term":[{"taxonomy":"category","embeddable":true,"href":"https:\/\/jr1.com.br\/shopping\/wp-json\/wp\/v2\/categories?post=76077"},{"taxonomy":"post_tag","embeddable":true,"href":"https:\/\/jr1.com.br\/shopping\/wp-json\/wp\/v2\/tags?post=76077"}],"curies":[{"name":"wp","href":"https:\/\/api.w.org\/{rel}","templated":true}]}}