{"id":76236,"date":"2026-03-04T08:35:43","date_gmt":"2026-03-04T08:35:43","guid":{"rendered":"https:\/\/jr1.com.br\/shopping\/2026\/03\/04\/conjunto-4-nichos-e-4-prateleiras-kit-cubos-bramov-moveis-carvalho-mel\/"},"modified":"2026-03-04T08:35:43","modified_gmt":"2026-03-04T08:35:43","slug":"conjunto-4-nichos-e-4-prateleiras-kit-cubos-bramov-moveis-carvalho-mel","status":"publish","type":"post","link":"https:\/\/jr1.com.br\/shopping\/2026\/03\/04\/conjunto-4-nichos-e-4-prateleiras-kit-cubos-bramov-moveis-carvalho-mel\/","title":{"rendered":"Conjunto 4 Nichos e 4 Prateleiras Kit Cubos Bramov M\u00f3veis Carvalho Mel"},"content":{"rendered":"<h2><\/h2>\n<h3>O pre\u00e7o de Conjunto 4 Nichos e 4 Prateleiras Kit Cubos Bramov M\u00f3veis Carvalho Mel no dia acima especificado era de <strong>R$ 721.39<\/strong>.<\/h3>\n<p>Confira o pre\u00e7o atual aqui: <a href=\"https:\/\/www.awin1.com\/pclick.php?p=38605494504&#038;a=690303&#038;m=100453\" rel=\"noopener sponsored\"><img decoding=\"async\" src=\"https:\/\/ui.awin.com\/images\/upload\/merchant\/profile\/100453.png\" alt=\"Conjunto 4 Nichos e 4 Prateleiras Kit Cubos Bramov M\u00f3veis Carvalho Mel\" \/> &#8211; nas lojas Casa Tema BR<\/a><\/p>\n<p><img decoding=\"async\" src=\"https:\/\/casatema.vteximg.com.br\/arquivos\/ids\/866797_2\" alt=\"Conjunto 4 Nichos e 4 Prateleiras Kit Cubos Bramov M\u00f3veis Carvalho Mel\" \/><br \/>\nConjunto 4 Nichos e 4 Prateleiras Kit Cubos Bramov M\u00f3veis Carvalho MelConjunto 4 Nichos e 4 Prateleiras Kit Cubos Bramov M\u00f3veis Carvalho Mel. A cole\u00e7\u00e3o Kit Cubos \u00e9 perfeita para quem quer deixar o ambiente mais bonito e aconchegante! Al\u00e9m de ser \u00f3timo para complementar a decora\u00e7\u00e3o, ele tamb\u00e9m possui multifun\u00e7\u00f5es, diversos ambientes da casa. \u00c9 produzido com materiais de alta qualidade e consegue unir eleg\u00e2ncia no momento de compor um lindo projeto!Caracter\u00edsticas:Cor: Carvalho MelGarantia: 03 mesesCor Predominante: BegeItens Inclusos: 4 Nichos, 4 Prateleiras, Kit Ferragens e Manual de MontagemCor do Produto: Carvalho MelEscala de Brilho: FoscoAcabamento: Melam\u00ednicoLinha ou Cole\u00e7\u00e3o: Kit CubosAmbiente Principal: Quarto InfantilTipo de Nicho: CuboPossui Toalheiro: N\u00e3oPossui Espelho: N\u00e3o PossuiPossui Fundo: N\u00e3oOrigem do Produto: NacionalMaterial Principal: MDF\/MDPMaterial da Prateleira: MDF\/MDPPeso: 40 kgProfundidade: 40 cmLargura: 40 cmAltura: 40 cmNecessita Montagem: SimSistema de Montagem: ParafusosComplexidade da Montagem: M\u00e9dia: pode ser montado por mais de uma pessoa e\/ou necessite de maior conhecimento para montagemPossui Portas: N\u00e3oPossui Prateleiras: 04Peso M\u00e1ximo por Prateleira: 5 kgRecomenda\u00e7\u00f5es de Uso, Manuten\u00e7\u00e3o e Limpeza: Limpar apenas com pano macio levemente umedecido.<\/p>\n<h4>Aproveite e pesquise o pre\u00e7o deste produto em dezenas de lojas dos marketplaces abaixo:<\/h4>\n<p><a href=\"https:\/\/www.magazinevoce.com.br\/magazineezu\/busca\/Conjunto 4 Nichos e 4 Prateleiras Kit Cubos Bramov M\u00f3veis Carvalho Mel\/\" target=\"_blank\" rel=\"noopener\"><img decoding=\"async\" src=\"https:\/\/mvc.mlcdn.com.br\/ad\/2503_superofertas.png\" alt=\"Pesquise no Magazine eZu\" \/> &#8211; da Parceria MAGALU<\/a>.<\/p>\n<p>Ainda n\u00e3o encontrou a melhor op\u00e7\u00e3o de compra? Oferecemos mais uma possibilidade de <strong>busca<\/strong> mais ampla para <a href=\"https:\/\/ecompare.com.br\/lojas\/resultados-da-pesquisa\/?q=Conjunto 4 Nichos e 4 Prateleiras Kit Cubos Bramov M\u00f3veis Carvalho Mel#gsc.tab=0&amp;gsc.q=Conjunto 4 Nichos e 4 Prateleiras Kit Cubos Bramov M\u00f3veis Carvalho Mel&amp;gsc.page=1\" target=\"_blank\" rel=\"noopener\">Conjunto 4 Nichos e 4 Prateleiras Kit Cubos Bramov M\u00f3veis Carvalho Mel, clique e continue <strong>pesquisando&#8230;<\/strong><\/a><\/p>\n<hr \/>\n","protected":false},"excerpt":{"rendered":"<p>R$ 721.39 nas lojas <a href=\"https:\/\/www.awin1.com\/pclick.php?p=38605494504&#038;a=690303&#038;m=100453\" target=\"_blank\" rel=\"sponsored\">Casa Tema BR<\/a><\/p>\n","protected":false},"author":1,"featured_media":0,"comment_status":"closed","ping_status":"closed","sticky":false,"template":"","format":"standard","meta":{"footnotes":""},"categories":[2],"tags":[1034,21],"class_list":["post-76236","post","type-post","status-publish","format-standard","hentry","category-produtos","tag-721-39","tag-casa-tema-br"],"_links":{"self":[{"href":"https:\/\/jr1.com.br\/shopping\/wp-json\/wp\/v2\/posts\/76236","targetHints":{"allow":["GET"]}}],"collection":[{"href":"https:\/\/jr1.com.br\/shopping\/wp-json\/wp\/v2\/posts"}],"about":[{"href":"https:\/\/jr1.com.br\/shopping\/wp-json\/wp\/v2\/types\/post"}],"author":[{"embeddable":true,"href":"https:\/\/jr1.com.br\/shopping\/wp-json\/wp\/v2\/users\/1"}],"replies":[{"embeddable":true,"href":"https:\/\/jr1.com.br\/shopping\/wp-json\/wp\/v2\/comments?post=76236"}],"version-history":[{"count":0,"href":"https:\/\/jr1.com.br\/shopping\/wp-json\/wp\/v2\/posts\/76236\/revisions"}],"wp:attachment":[{"href":"https:\/\/jr1.com.br\/shopping\/wp-json\/wp\/v2\/media?parent=76236"}],"wp:term":[{"taxonomy":"category","embeddable":true,"href":"https:\/\/jr1.com.br\/shopping\/wp-json\/wp\/v2\/categories?post=76236"},{"taxonomy":"post_tag","embeddable":true,"href":"https:\/\/jr1.com.br\/shopping\/wp-json\/wp\/v2\/tags?post=76236"}],"curies":[{"name":"wp","href":"https:\/\/api.w.org\/{rel}","templated":true}]}}