{"id":76238,"date":"2026-03-21T05:01:03","date_gmt":"2026-03-21T05:01:03","guid":{"rendered":"https:\/\/jr1.com.br\/shopping\/2026\/03\/21\/conjunto-infantil-com-1-nicho-e-3-prateleiras-trini-bramov-moveis-branco\/"},"modified":"2026-03-21T05:01:03","modified_gmt":"2026-03-21T05:01:03","slug":"conjunto-infantil-com-1-nicho-e-3-prateleiras-trini-bramov-moveis-branco","status":"publish","type":"post","link":"https:\/\/jr1.com.br\/shopping\/2026\/03\/21\/conjunto-infantil-com-1-nicho-e-3-prateleiras-trini-bramov-moveis-branco\/","title":{"rendered":"Conjunto Infantil com 1 Nicho e 3 Prateleiras Trini Bramov M\u00f3veis Branco"},"content":{"rendered":"<h2><\/h2>\n<h3>O pre\u00e7o de Conjunto Infantil com 1 Nicho e 3 Prateleiras Trini Bramov M\u00f3veis Branco no dia acima especificado era de <strong>R$ 380.72<\/strong>.<\/h3>\n<p>Confira o pre\u00e7o atual aqui: <a href=\"https:\/\/www.awin1.com\/pclick.php?p=38605494505&#038;a=690303&#038;m=100453\" rel=\"noopener sponsored\"><img decoding=\"async\" src=\"https:\/\/ui.awin.com\/images\/upload\/merchant\/profile\/100453.png\" alt=\"Conjunto Infantil com 1 Nicho e 3 Prateleiras Trini Bramov M\u00f3veis Branco\" \/> &#8211; nas lojas Casa Tema BR<\/a><\/p>\n<p><img decoding=\"async\" src=\"https:\/\/casatema.vteximg.com.br\/arquivos\/ids\/866809_2\" alt=\"Conjunto Infantil com 1 Nicho e 3 Prateleiras Trini Bramov M\u00f3veis Branco\" \/><br \/>\nConjunto Infantil com 1 Nicho e 3 Prateleiras Trini Bramov M\u00f3veis BrancoConjunto Infantil com 1 Nicho e 3 Prateleiras Trini Bramov M\u00f3veis Branco. A cole\u00e7\u00e3o Kit Cubos \u00e9 perfeita para quem quer deixar o ambiente mais bonito e aconchegante! Al\u00e9m de ser \u00f3timo para complementar a decora\u00e7\u00e3o, ele tamb\u00e9m possui multifun\u00e7\u00f5es, diversos ambientes da casa. \u00c9 produzido com materiais de alta qualidade e consegue unir eleg\u00e2ncia no momento de compor um lindo projeto!Caracter\u00edsticas:Cor: BrancoPossui Prateleiras: 03Material Principal: MDF\/MDPPeso: 11 kgProfundidade: 24 cmLargura: 60 cmAltura: 33 cmNecessita Montagem: SimSistema de Montagem: ParafusosComplexidade da Montagem: M\u00e9dia: pode ser montado por mais de uma pessoa e\/ou necessite de maior conhecimento para montagemPossui Portas: N\u00e3oPeso M\u00e1ximo por Prateleira: 6 kgOrigem do Produto: NacionalMaterial da Prateleira: MDF\/MDPEscala de Brilho: FoscoCor Predominante: BrancoCor do Produto: BrancoItens Inclusos: 1 Nichos, 3 Prateleiras, ferragens e Manual de Montagem.Acabamento: Melam\u00ednicoPossui Fundo: N\u00e3oGarantia: 03 mesesPossui Espelho: N\u00e3o PossuiLinha ou Cole\u00e7\u00e3o: KitCubosAmbiente Principal: Quarto InfantilTipo de Nicho: CuboPossui Toalheiro: N\u00e3oRecomenda\u00e7\u00f5es de Uso, Manuten\u00e7\u00e3o e Limpeza: Limpar apenas com pano macio levemente umedecido.<\/p>\n<h4>Aproveite e pesquise o pre\u00e7o deste produto em dezenas de lojas dos marketplaces abaixo:<\/h4>\n<p><a href=\"https:\/\/www.magazinevoce.com.br\/magazineezu\/busca\/Conjunto Infantil com 1 Nicho e 3 Prateleiras Trini Bramov M\u00f3veis Branco\/\" target=\"_blank\" rel=\"noopener\"><img decoding=\"async\" src=\"https:\/\/mvc.mlcdn.com.br\/ad\/2503_superofertas.png\" alt=\"Pesquise no Magazine eZu\" \/> &#8211; da Parceria MAGALU<\/a>.<\/p>\n<p>Ainda n\u00e3o encontrou a melhor op\u00e7\u00e3o de compra? Oferecemos mais uma possibilidade de <strong>busca<\/strong> mais ampla para <a href=\"https:\/\/ecompare.com.br\/lojas\/resultados-da-pesquisa\/?q=Conjunto Infantil com 1 Nicho e 3 Prateleiras Trini Bramov M\u00f3veis Branco#gsc.tab=0&amp;gsc.q=Conjunto Infantil com 1 Nicho e 3 Prateleiras Trini Bramov M\u00f3veis Branco&amp;gsc.page=1\" target=\"_blank\" rel=\"noopener\">Conjunto Infantil com 1 Nicho e 3 Prateleiras Trini Bramov M\u00f3veis Branco, clique e continue <strong>pesquisando&#8230;<\/strong><\/a><\/p>\n<hr \/>\n","protected":false},"excerpt":{"rendered":"<p>R$ 380.72 nas lojas <a href=\"https:\/\/www.awin1.com\/pclick.php?p=38605494505&#038;a=690303&#038;m=100453\" target=\"_blank\" rel=\"sponsored\">Casa Tema BR<\/a><\/p>\n","protected":false},"author":1,"featured_media":0,"comment_status":"closed","ping_status":"closed","sticky":false,"template":"","format":"standard","meta":{"footnotes":""},"categories":[2],"tags":[1035,21],"class_list":["post-76238","post","type-post","status-publish","format-standard","hentry","category-produtos","tag-380-72","tag-casa-tema-br"],"_links":{"self":[{"href":"https:\/\/jr1.com.br\/shopping\/wp-json\/wp\/v2\/posts\/76238","targetHints":{"allow":["GET"]}}],"collection":[{"href":"https:\/\/jr1.com.br\/shopping\/wp-json\/wp\/v2\/posts"}],"about":[{"href":"https:\/\/jr1.com.br\/shopping\/wp-json\/wp\/v2\/types\/post"}],"author":[{"embeddable":true,"href":"https:\/\/jr1.com.br\/shopping\/wp-json\/wp\/v2\/users\/1"}],"replies":[{"embeddable":true,"href":"https:\/\/jr1.com.br\/shopping\/wp-json\/wp\/v2\/comments?post=76238"}],"version-history":[{"count":0,"href":"https:\/\/jr1.com.br\/shopping\/wp-json\/wp\/v2\/posts\/76238\/revisions"}],"wp:attachment":[{"href":"https:\/\/jr1.com.br\/shopping\/wp-json\/wp\/v2\/media?parent=76238"}],"wp:term":[{"taxonomy":"category","embeddable":true,"href":"https:\/\/jr1.com.br\/shopping\/wp-json\/wp\/v2\/categories?post=76238"},{"taxonomy":"post_tag","embeddable":true,"href":"https:\/\/jr1.com.br\/shopping\/wp-json\/wp\/v2\/tags?post=76238"}],"curies":[{"name":"wp","href":"https:\/\/api.w.org\/{rel}","templated":true}]}}