{"id":76263,"date":"2026-03-05T17:48:31","date_gmt":"2026-03-05T17:48:31","guid":{"rendered":"https:\/\/jr1.com.br\/shopping\/2026\/03\/05\/cama-infantil-com-escorregador-e-cortina-diversao-meu-fofinho-art-in-moveis-branco\/"},"modified":"2026-03-05T17:48:31","modified_gmt":"2026-03-05T17:48:31","slug":"cama-infantil-com-escorregador-e-cortina-diversao-meu-fofinho-art-in-moveis-branco","status":"publish","type":"post","link":"https:\/\/jr1.com.br\/shopping\/2026\/03\/05\/cama-infantil-com-escorregador-e-cortina-diversao-meu-fofinho-art-in-moveis-branco\/","title":{"rendered":"Cama Infantil com Escorregador e Cortina Divers\u00e3o Meu Fofinho Art In M\u00f3veis Branco"},"content":{"rendered":"<h2><\/h2>\n<h3>O pre\u00e7o de Cama Infantil com Escorregador e Cortina Divers\u00e3o Meu Fofinho Art In M\u00f3veis Branco no dia acima especificado era de <strong>R$ 694.31<\/strong>.<\/h3>\n<p>Confira o pre\u00e7o atual aqui: <a href=\"https:\/\/www.awin1.com\/pclick.php?p=38605495491&#038;a=690303&#038;m=100453\" rel=\"noopener sponsored\"><img decoding=\"async\" src=\"https:\/\/ui.awin.com\/images\/upload\/merchant\/profile\/100453.png\" alt=\"Cama Infantil com Escorregador e Cortina Divers\u00e3o Meu Fofinho Art In M\u00f3veis Branco\" \/> &#8211; nas lojas Casa Tema BR<\/a><\/p>\n<p><img decoding=\"async\" src=\"https:\/\/casatema.vteximg.com.br\/arquivos\/ids\/879555_2\" alt=\"Cama Infantil com Escorregador e Cortina Divers\u00e3o Meu Fofinho Art In M\u00f3veis Branco\" \/><br \/>\nCama Infantil com Escorregador e Cortina Divers\u00e3o Meu Fofinho Art In M\u00f3veis BrancoCama Infantil com Escorregador e Cortina Divers\u00e3o Meu Fofinho Art In M\u00f3veis Branco. Surpreenda o seu filho com a\u00a0Cama Infantil Divers\u00e3o Meu Fofinho Com Escorregador da marca Art In M\u00f3veis. No quesito camas, um modelo com inova\u00e7\u00e3o, beleza e seguran\u00e7a para crian\u00e7ada. A cama com escorregador e cabaninha acompanha a cortina remov\u00edvel e escorregador que pode ser fixado no lado direito, esquerdo ou na peseira proporcionando seguran\u00e7a, alegria e bem-estar. Disp\u00f5e de degrau\/prateleira refor\u00e7ado para subir na cama. Este produto foi Produzido em excelente material\u00a0\u00a0MDP 15 mm\u00a0e com acabamento em\u00a0Finish Foil Acetinado, que garante maior\u00a0resist\u00eancia\u00a0e\u00a0qualidade\u00a0em seu m\u00f3vel. A ess\u00eancia de criar\u00a0solu\u00e7\u00f5es\u00a0que trazem mais conforto sua vida \u00e9 o grande diferencial dos produtos\u00a0Art In M\u00f3veis. Cada nova\u00a0ideia\u00a0\u00e9 uma mistura de criatividade, funcionalidade e muita dedica\u00e7\u00e3o.Caracter\u00edsticas:Cor: BrancoTamanho da Cama: InfantilPossui Prateleiras: N\u00e3oPossui P\u00e9s: N\u00e3oEscala de Brilho: Semi-FoscoCor Predominante: BrancoCor do Produto: BrancoAmbiente Principal: Quarto InfantilComplexidade da Montagem: Baixa: pode ser montado por uma pessoa sozinhaPeso: 34,3 kgAltura: 100 cmLargura: 185,2 cmSuporta At\u00e9 (kg): 80 kgProfundidade: 192 cmAltura do Estrado at\u00e9 o Ch\u00e3o: 68 cmPossui Rod\u00edzio: N\u00e3oTamanho do Colch\u00e3o Indicado (L x C): 188cm x 88 cmItens Inclusos: Cama AuxiliarPossui Portas: N\u00e3oSistema de Montagem: Parafusos, Cavilhas e Minifix.Acompanha Cama Auxiliar: N\u00e3oGarantia: 03 mesesLinha ou Cole\u00e7\u00e3o: Meu FofinhoPermite a Utiliza\u00e7\u00e3o de Cama Auxiliar: SimNecessita Montagem: SimTipo de Colch\u00e3o: InfantilAcompanha Colch\u00e3o: N\u00e3oMaterial do Estrado: EucaliptoTipo de Estrado: FixoMontagem Flex: Sim, o escorregador pode ser montado de lado ou de frentePossui Ba\u00fa: N\u00e3oTipo de Cama: InfantilAcompanha M\u00f3bile: N\u00e3oAcompanha Suporte para Mosquiteiro: N\u00e3oAcompanha Dossel: N\u00e3oOrigem do Produto: NacionalMaterial Principal: MDPAcabamento: Finish FoilRecomenda\u00e7\u00f5es de Uso, Manuten\u00e7\u00e3o e Limpeza: Deve ser feita com pano macio e seco ou levemente umedecido com \u00e1gua e sab\u00e3o neutro. N\u00e3o devem ser utilizados abrasivos como palha de a\u00e7o e objetos cortantes.<\/p>\n<h4>Aproveite e pesquise o pre\u00e7o deste produto em dezenas de lojas dos marketplaces abaixo:<\/h4>\n<p><a href=\"https:\/\/www.magazinevoce.com.br\/magazineezu\/busca\/Cama Infantil com Escorregador e Cortina Divers\u00e3o Meu Fofinho Art In M\u00f3veis Branco\/\" target=\"_blank\" rel=\"noopener\"><img decoding=\"async\" src=\"https:\/\/mvc.mlcdn.com.br\/ad\/2503_superofertas.png\" alt=\"Pesquise no Magazine eZu\" \/> &#8211; da Parceria MAGALU<\/a>.<\/p>\n<p>Ainda n\u00e3o encontrou a melhor op\u00e7\u00e3o de compra? Oferecemos mais uma possibilidade de <strong>busca<\/strong> mais ampla para <a href=\"https:\/\/ecompare.com.br\/lojas\/resultados-da-pesquisa\/?q=Cama Infantil com Escorregador e Cortina Divers\u00e3o Meu Fofinho Art In M\u00f3veis Branco#gsc.tab=0&amp;gsc.q=Cama Infantil com Escorregador e Cortina Divers\u00e3o Meu Fofinho Art In M\u00f3veis Branco&amp;gsc.page=1\" target=\"_blank\" rel=\"noopener\">Cama Infantil com Escorregador e Cortina Divers\u00e3o Meu Fofinho Art In M\u00f3veis Branco, clique e continue <strong>pesquisando&#8230;<\/strong><\/a><\/p>\n<hr \/>\n","protected":false},"excerpt":{"rendered":"<p>R$ 694.31 nas lojas <a href=\"https:\/\/www.awin1.com\/pclick.php?p=38605495491&#038;a=690303&#038;m=100453\" target=\"_blank\" rel=\"sponsored\">Casa Tema BR<\/a><\/p>\n","protected":false},"author":1,"featured_media":0,"comment_status":"closed","ping_status":"closed","sticky":false,"template":"","format":"standard","meta":{"footnotes":""},"categories":[2],"tags":[368,21],"class_list":["post-76263","post","type-post","status-publish","format-standard","hentry","category-produtos","tag-694-31","tag-casa-tema-br"],"_links":{"self":[{"href":"https:\/\/jr1.com.br\/shopping\/wp-json\/wp\/v2\/posts\/76263","targetHints":{"allow":["GET"]}}],"collection":[{"href":"https:\/\/jr1.com.br\/shopping\/wp-json\/wp\/v2\/posts"}],"about":[{"href":"https:\/\/jr1.com.br\/shopping\/wp-json\/wp\/v2\/types\/post"}],"author":[{"embeddable":true,"href":"https:\/\/jr1.com.br\/shopping\/wp-json\/wp\/v2\/users\/1"}],"replies":[{"embeddable":true,"href":"https:\/\/jr1.com.br\/shopping\/wp-json\/wp\/v2\/comments?post=76263"}],"version-history":[{"count":0,"href":"https:\/\/jr1.com.br\/shopping\/wp-json\/wp\/v2\/posts\/76263\/revisions"}],"wp:attachment":[{"href":"https:\/\/jr1.com.br\/shopping\/wp-json\/wp\/v2\/media?parent=76263"}],"wp:term":[{"taxonomy":"category","embeddable":true,"href":"https:\/\/jr1.com.br\/shopping\/wp-json\/wp\/v2\/categories?post=76263"},{"taxonomy":"post_tag","embeddable":true,"href":"https:\/\/jr1.com.br\/shopping\/wp-json\/wp\/v2\/tags?post=76263"}],"curies":[{"name":"wp","href":"https:\/\/api.w.org\/{rel}","templated":true}]}}