{"id":76488,"date":"2026-03-20T15:05:41","date_gmt":"2026-03-20T15:05:41","guid":{"rendered":"https:\/\/jr1.com.br\/shopping\/2026\/03\/20\/berco-mini-cama-100-mdf-flocos-branco\/"},"modified":"2026-03-20T15:05:41","modified_gmt":"2026-03-20T15:05:41","slug":"berco-mini-cama-100-mdf-flocos-branco","status":"publish","type":"post","link":"https:\/\/jr1.com.br\/shopping\/2026\/03\/20\/berco-mini-cama-100-mdf-flocos-branco\/","title":{"rendered":"Ber\u00e7o Mini Cama 100% MDF Flocos Branco"},"content":{"rendered":"<h2><\/h2>\n<h3>O pre\u00e7o de Ber\u00e7o Mini Cama 100% MDF Flocos Branco no dia acima especificado era de <strong>R$ 538.87<\/strong>.<\/h3>\n<p>Confira o pre\u00e7o atual aqui: <a href=\"https:\/\/www.awin1.com\/pclick.php?p=38605494723&#038;a=690303&#038;m=100453\" rel=\"noopener sponsored\"><img decoding=\"async\" src=\"https:\/\/ui.awin.com\/images\/upload\/merchant\/profile\/100453.png\" alt=\"Ber\u00e7o Mini Cama 100% MDF Flocos Branco\" \/> &#8211; nas lojas Casa Tema BR<\/a><\/p>\n<p><img decoding=\"async\" src=\"https:\/\/casatema.vteximg.com.br\/arquivos\/ids\/868885_2\" alt=\"Ber\u00e7o Mini Cama 100% MDF Flocos Branco\" \/><br \/>\nBer\u00e7o Mini Cama 100% MDF Flocos BrancoBer\u00e7o Mini Cama 100% MDF Flocos Branco. O seu beb\u00ea merece ter um lugar especial para ele aproveitar as noites iniciais de sono, n\u00e3o \u00e9 mesmo? E, por isso, \u00e9 importante apostar em\u00a0m\u00f3veis\u00a0certeiros como o\u00a0Ber\u00e7o 100% MDF! O visual cl\u00e1ssico\u00a0confere eleg\u00e2ncia e aconchego para o\u00a0quarto\u00a0do rec\u00e9m-nascido, dando mais liberdade na hora de\u00a0decorar\u00a0o espa\u00e7o para receb\u00ea-lo. Ah, a pe\u00e7a ainda conta com regulagens de altura\u00a0para se adaptar melhor \u00e0s necessidades do dia a dia. Gostou?Caracter\u00edsticas:Cor: BrancoAcompanha Cama Auxiliar: N\u00e3oOrigem do Produto: NacionalSuporta At\u00e9 (kg): 30Acompanha Colch\u00e3o: N\u00e3oAmbiente Principal: Quarto de Beb\u00eaMaterial Principal: MDFMultifun\u00e7\u00e3o Flex: N\u00e3oNecessita Montagem: SimPossui Prateleiras: N\u00e3oRod\u00edzio com Trava: N\u00e3oAcabamento dos P\u00e9s: PinturaMaterial do Estrado: MDFSapatas Niveladoras: N\u00e3oSistema de Montagem: Parafusos, porcas e pregosSistema Anti-Refluxo: N\u00e3oComplexidade da Montagem: M\u00e9dia: pode ser montado por mais de uma pessoa e\/ou necessite de maior conhecimento para montagemMaterial da Grade: MDFEstrado Regul\u00e1vel em Quantas Posi\u00e7\u00f5es: 03Itens Inclusos: 1 Ber\u00e7o e manual de montagem.undefined: 692390Port\u00e1til: N\u00e3oPermite a Utiliza\u00e7\u00e3o de Cama Auxiliar: N\u00e3oInforma\u00e7\u00f5es Complementares: Ber\u00e7o minicama 100% MDF com grades em madeira, sistema de fixa\u00e7\u00e3o por buchas, 3 n\u00edveis de altura de estrado, sapatilhas de prote\u00e7\u00e3o contra umidade. Colch\u00e3o n\u00e3o fornecido. Acompanha Kit para transforma\u00e7\u00e3o em minicama e suporte mosquiteiro.Tamanho do Colch\u00e3o Indicado (L x C): 130 x 60 x 12Acompanha Suporte para Mosquiteiro: Sim &#8211; Sem V\u00e9uEstrado com Regulagem de Altura: SimAltura do Estrado at\u00e9 o Ch\u00e3o: 54Op\u00e7\u00f5es de Altura do Estrado: 3Material dos P\u00e9s: MDFAcompanha M\u00f3bile: N\u00e3oAltura: 81Peso: 23.9Estilo: Contempor\u00e2neoPintura At\u00f3xica: SimPossui Gavetas: N\u00e3oEscala de Brilho: AcetinadoCor Predominante: BrancoTipo de Estrado: Remov\u00edvelPossui Rod\u00edzio: N\u00e3oAltura dos P\u00e9s: 14,5Cor do Produto: BrancoLargura: 132,4Tipo de Grade: FixaPossui Portas: N\u00e3oProfundidade: 67Possui P\u00e9s: 04Certificado: OCAN-BER.278\/19-4Acabamento: Pintura UVRecomenda\u00e7\u00f5es de Uso, Manuten\u00e7\u00e3o e Limpeza: Limpeza com pano macio e levemente umedecido. N\u00e3o utilizar solventes a base de inflam\u00e1veis. N\u00e3o utilizar produtos abrasivos.Garantia: 03 meses<\/p>\n<h4>Aproveite e pesquise o pre\u00e7o deste produto em dezenas de lojas dos marketplaces abaixo:<\/h4>\n<p><a href=\"https:\/\/www.magazinevoce.com.br\/magazineezu\/busca\/Ber\u00e7o Mini Cama 100% MDF Flocos Branco\/\" target=\"_blank\" rel=\"noopener\"><img decoding=\"async\" src=\"https:\/\/mvc.mlcdn.com.br\/ad\/2503_superofertas.png\" alt=\"Pesquise no Magazine eZu\" \/> &#8211; da Parceria MAGALU<\/a>.<\/p>\n<p>Ainda n\u00e3o encontrou a melhor op\u00e7\u00e3o de compra? Oferecemos mais uma possibilidade de <strong>busca<\/strong> mais ampla para <a href=\"https:\/\/ecompare.com.br\/lojas\/resultados-da-pesquisa\/?q=Ber\u00e7o Mini Cama 100% MDF Flocos Branco#gsc.tab=0&amp;gsc.q=Ber\u00e7o Mini Cama 100% MDF Flocos Branco&amp;gsc.page=1\" target=\"_blank\" rel=\"noopener\">Ber\u00e7o Mini Cama 100% MDF Flocos Branco, clique e continue <strong>pesquisando&#8230;<\/strong><\/a><\/p>\n<hr \/>\n","protected":false},"excerpt":{"rendered":"<p>R$ 538.87 nas lojas <a href=\"https:\/\/www.awin1.com\/pclick.php?p=38605494723&#038;a=690303&#038;m=100453\" target=\"_blank\" rel=\"sponsored\">Casa Tema BR<\/a><\/p>\n","protected":false},"author":1,"featured_media":0,"comment_status":"closed","ping_status":"closed","sticky":false,"template":"","format":"standard","meta":{"footnotes":""},"categories":[2],"tags":[348,21],"class_list":["post-76488","post","type-post","status-publish","format-standard","hentry","category-produtos","tag-538-87","tag-casa-tema-br"],"_links":{"self":[{"href":"https:\/\/jr1.com.br\/shopping\/wp-json\/wp\/v2\/posts\/76488","targetHints":{"allow":["GET"]}}],"collection":[{"href":"https:\/\/jr1.com.br\/shopping\/wp-json\/wp\/v2\/posts"}],"about":[{"href":"https:\/\/jr1.com.br\/shopping\/wp-json\/wp\/v2\/types\/post"}],"author":[{"embeddable":true,"href":"https:\/\/jr1.com.br\/shopping\/wp-json\/wp\/v2\/users\/1"}],"replies":[{"embeddable":true,"href":"https:\/\/jr1.com.br\/shopping\/wp-json\/wp\/v2\/comments?post=76488"}],"version-history":[{"count":0,"href":"https:\/\/jr1.com.br\/shopping\/wp-json\/wp\/v2\/posts\/76488\/revisions"}],"wp:attachment":[{"href":"https:\/\/jr1.com.br\/shopping\/wp-json\/wp\/v2\/media?parent=76488"}],"wp:term":[{"taxonomy":"category","embeddable":true,"href":"https:\/\/jr1.com.br\/shopping\/wp-json\/wp\/v2\/categories?post=76488"},{"taxonomy":"post_tag","embeddable":true,"href":"https:\/\/jr1.com.br\/shopping\/wp-json\/wp\/v2\/tags?post=76488"}],"curies":[{"name":"wp","href":"https:\/\/api.w.org\/{rel}","templated":true}]}}