{"id":76673,"date":"2026-03-01T09:27:07","date_gmt":"2026-03-01T09:27:07","guid":{"rendered":"https:\/\/jr1.com.br\/shopping\/2026\/03\/01\/quarto-infantil-com-cama-e-armario-espresso-moveis-geneve\/"},"modified":"2026-03-01T09:27:07","modified_gmt":"2026-03-01T09:27:07","slug":"quarto-infantil-com-cama-e-armario-espresso-moveis-geneve","status":"publish","type":"post","link":"https:\/\/jr1.com.br\/shopping\/2026\/03\/01\/quarto-infantil-com-cama-e-armario-espresso-moveis-geneve\/","title":{"rendered":"Quarto Infantil com Cama e Arm\u00e1rio Espresso M\u00f3veis Geneve"},"content":{"rendered":"<h2><\/h2>\n<h3>O pre\u00e7o de Quarto Infantil com Cama e Arm\u00e1rio Espresso M\u00f3veis Geneve no dia acima especificado era de <strong>R$ 1681.03<\/strong>.<\/h3>\n<p>Confira o pre\u00e7o atual aqui: <a href=\"https:\/\/www.awin1.com\/pclick.php?p=38605494776&#038;a=690303&#038;m=100453\" rel=\"noopener sponsored\"><img decoding=\"async\" src=\"https:\/\/ui.awin.com\/images\/upload\/merchant\/profile\/100453.png\" alt=\"Quarto Infantil com Cama e Arm\u00e1rio Espresso M\u00f3veis Geneve\" \/> &#8211; nas lojas Casa Tema BR<\/a><\/p>\n<p><img decoding=\"async\" src=\"https:\/\/casatema.vteximg.com.br\/arquivos\/ids\/869491_2\" alt=\"Quarto Infantil com Cama e Arm\u00e1rio Espresso M\u00f3veis Geneve\" \/><br \/>\nQuarto Infantil com Cama e Arm\u00e1rio Espresso M\u00f3veis GeneveQuarto Infantil com Cama e Arm\u00e1rio Espresso M\u00f3veis Geneve. Os M\u00f3veis devem ser escolhidos com muito carinho, independente de qual for o ambiente, pois eles fazem parte da rotina do dia a dia do nosso lar ou trabalho. Portanto, na hora de decidir qual modelo, lembre-se: al\u00e9m de ter a ergonomia necess\u00e1ria, a medida ideal, um design incr\u00edvel, eles tamb\u00e9m devem cumprir suas fun\u00e7\u00f5es com desempenho total, e na hora da escolha das cores, elas devem combinar com seu estilo e personalidade. Os M\u00f3veis para Ambiente Infantil da Bramov Brasil possuem um design encantador, que permite trazer outros elementos decorativos para compor o ambiente.Caracter\u00edsticas:Cor: GeneveSistema de Montagem: Parafusos, Cantoneiras e Tapa Furos.Ambiente Principal: Quarto InfantilLinha ou Cole\u00e7\u00e3o: KitCubosMaterial Principal: MDPNecessita Montagem: SimMedida de Cada Item: Cama: 153cm x 73cm x 140,5cm Arm\u00e1rio: 80cm x 47cm x 81,5cmResistente \u00e0 Chuva: N\u00e3oComplexidade da Montagem: Alta: deve ser montado por um montador especializadoSuporta At\u00e9 (kg): Cama: 60kg, Arm\u00e1rio: 50kgItens Inclusos: 1 Cama, 1 Arm\u00e1rio, Manual de Montagem e Ferragens.Origem do Produto: NacionalEscala de Brilho: FoscoPeso: Cama: 35kg, Arm\u00e1rio: 33kgCor do Produto: GeneveCor Predominante: BegeRecomenda\u00e7\u00f5es de Uso, Manuten\u00e7\u00e3o e Limpeza: Limpar apenas com pano macio levemente umedecido.Garantia: 03 meses<\/p>\n<h4>Aproveite e pesquise o pre\u00e7o deste produto em dezenas de lojas dos marketplaces abaixo:<\/h4>\n<p><a href=\"https:\/\/www.magazinevoce.com.br\/magazineezu\/busca\/Quarto Infantil com Cama e Arm\u00e1rio Espresso M\u00f3veis Geneve\/\" target=\"_blank\" rel=\"noopener\"><img decoding=\"async\" src=\"https:\/\/mvc.mlcdn.com.br\/ad\/2503_superofertas.png\" alt=\"Pesquise no Magazine eZu\" \/> &#8211; da Parceria MAGALU<\/a>.<\/p>\n<p>Ainda n\u00e3o encontrou a melhor op\u00e7\u00e3o de compra? Oferecemos mais uma possibilidade de <strong>busca<\/strong> mais ampla para <a href=\"https:\/\/ecompare.com.br\/lojas\/resultados-da-pesquisa\/?q=Quarto Infantil com Cama e Arm\u00e1rio Espresso M\u00f3veis Geneve#gsc.tab=0&amp;gsc.q=Quarto Infantil com Cama e Arm\u00e1rio Espresso M\u00f3veis Geneve&amp;gsc.page=1\" target=\"_blank\" rel=\"noopener\">Quarto Infantil com Cama e Arm\u00e1rio Espresso M\u00f3veis Geneve, clique e continue <strong>pesquisando&#8230;<\/strong><\/a><\/p>\n<hr \/>\n","protected":false},"excerpt":{"rendered":"<p>R$ 1681.03 nas lojas <a href=\"https:\/\/www.awin1.com\/pclick.php?p=38605494776&#038;a=690303&#038;m=100453\" target=\"_blank\" rel=\"sponsored\">Casa Tema BR<\/a><\/p>\n","protected":false},"author":1,"featured_media":0,"comment_status":"closed","ping_status":"closed","sticky":false,"template":"","format":"standard","meta":{"footnotes":""},"categories":[2],"tags":[1134,21],"class_list":["post-76673","post","type-post","status-publish","format-standard","hentry","category-produtos","tag-1681-03","tag-casa-tema-br"],"_links":{"self":[{"href":"https:\/\/jr1.com.br\/shopping\/wp-json\/wp\/v2\/posts\/76673","targetHints":{"allow":["GET"]}}],"collection":[{"href":"https:\/\/jr1.com.br\/shopping\/wp-json\/wp\/v2\/posts"}],"about":[{"href":"https:\/\/jr1.com.br\/shopping\/wp-json\/wp\/v2\/types\/post"}],"author":[{"embeddable":true,"href":"https:\/\/jr1.com.br\/shopping\/wp-json\/wp\/v2\/users\/1"}],"replies":[{"embeddable":true,"href":"https:\/\/jr1.com.br\/shopping\/wp-json\/wp\/v2\/comments?post=76673"}],"version-history":[{"count":0,"href":"https:\/\/jr1.com.br\/shopping\/wp-json\/wp\/v2\/posts\/76673\/revisions"}],"wp:attachment":[{"href":"https:\/\/jr1.com.br\/shopping\/wp-json\/wp\/v2\/media?parent=76673"}],"wp:term":[{"taxonomy":"category","embeddable":true,"href":"https:\/\/jr1.com.br\/shopping\/wp-json\/wp\/v2\/categories?post=76673"},{"taxonomy":"post_tag","embeddable":true,"href":"https:\/\/jr1.com.br\/shopping\/wp-json\/wp\/v2\/tags?post=76673"}],"curies":[{"name":"wp","href":"https:\/\/api.w.org\/{rel}","templated":true}]}}