{"id":76717,"date":"2026-03-15T13:49:15","date_gmt":"2026-03-15T13:49:15","guid":{"rendered":"https:\/\/jr1.com.br\/shopping\/2026\/03\/15\/quarto-de-bebe-com-berco-comoda-4-gavetas-guarda-roupa-4-portas-4-gavetas-prateleira-docura-branco\/"},"modified":"2026-03-15T13:49:15","modified_gmt":"2026-03-15T13:49:15","slug":"quarto-de-bebe-com-berco-comoda-4-gavetas-guarda-roupa-4-portas-4-gavetas-prateleira-docura-branco","status":"publish","type":"post","link":"https:\/\/jr1.com.br\/shopping\/2026\/03\/15\/quarto-de-bebe-com-berco-comoda-4-gavetas-guarda-roupa-4-portas-4-gavetas-prateleira-docura-branco\/","title":{"rendered":"Quarto de Beb\u00ea com Ber\u00e7o, C\u00f4moda 4 Gavetas Guarda Roupa 4 Portas 4 Gavetas Prateleira Do\u00e7ura Branco"},"content":{"rendered":"<h2><\/h2>\n<h3>O pre\u00e7o de Quarto de Beb\u00ea com Ber\u00e7o, C\u00f4moda 4 Gavetas Guarda Roupa 4 Portas 4 Gavetas Prateleira Do\u00e7ura Branco no dia acima especificado era de <strong>R$ 1664.31<\/strong>.<\/h3>\n<p>Confira o pre\u00e7o atual aqui: <a href=\"https:\/\/www.awin1.com\/pclick.php?p=38605494928&#038;a=690303&#038;m=100453\" rel=\"noopener sponsored\"><img decoding=\"async\" src=\"https:\/\/ui.awin.com\/images\/upload\/merchant\/profile\/100453.png\" alt=\"Quarto de Beb\u00ea com Ber\u00e7o, C\u00f4moda 4 Gavetas Guarda Roupa 4 Portas 4 Gavetas Prateleira Do\u00e7ura Branco\" \/> &#8211; nas lojas Casa Tema BR<\/a><\/p>\n<p><img decoding=\"async\" src=\"https:\/\/casatema.vteximg.com.br\/arquivos\/ids\/871718_2\" alt=\"Quarto de Beb\u00ea com Ber\u00e7o, C\u00f4moda 4 Gavetas Guarda Roupa 4 Portas 4 Gavetas Prateleira Do\u00e7ura Branco\" \/><br \/>\nQuarto de Beb\u00ea com Ber\u00e7o, C\u00f4moda 4 Gavetas Guarda Roupa 4 Portas 4 Gavetas Prateleira Do\u00e7ura Branco BrancoQuarto de Beb\u00ea com Ber\u00e7o, C\u00f4moda 4 Gavetas Guarda Roupa 4 Portas 4 Gavetas Prateleira Do\u00e7ura Branco Branco. Esse lindo Conjunto de Quarto Infantil Do\u00e7ura \u00e9 tudo o que voc\u00ea pediu em um \u00fanico ambiente. Toda essa combina\u00e7\u00e3o foi pensada para que este conjunto permane\u00e7a em sua casa por muitos anos acompanhando o crescimento de seus pequenos. Roupeiro, suas formas curvas conferem ao m\u00f3vel um toque decorativo no quarto dos pequenos. Possui 2 gavetas grandes com corredi\u00e7as met\u00e1licas e fundo encaixado que proporciona maior resist\u00eancia. Possui tamb\u00e9m cabideiro em alum\u00ednio e muitas prateleiras para melhor organiza\u00e7\u00e3o do enxoval do seu beb\u00ea. O acabamento de pintura \u00e9 feito com tinta e verniz UV at\u00f3xicos. As portas possuem detalhe vazado que recebe um material transparente que \u00e9 PETG cristal, um termopl\u00e1stico resistente a impactos e de excelente acabamento. Os puxadores s\u00e3o de pl\u00e1stico ABS com \u00f3timo acabamento e resist\u00eancia. Fabricado com mat\u00e9ria-prima 100% MDF, um material ecologicamente correto e de \u00f3tima durabilidade e resist\u00eancia, esse roupeiro \u00e9 excelente para quem precisa de bastante espa\u00e7o para organizar tudo com muito carinho. Os p\u00e9s, tamb\u00e9m em ABS, j\u00e1 est\u00e3o inclusos no produto Ber\u00e7o, esse modelo de ber\u00e7o foi desenvolvido pensando na fase beb\u00ea e na fase onde seu pequeno ou pequena j\u00e1 n\u00e3o quer mais ficar no ber\u00e7o. Para isso desenvolvemos um produto que pode se transformar em MINICAMA . Assim quando eles j\u00e1 forem maiores ter\u00e3o uma caminha linda e aconchegante para as noites de sono e voc\u00ea n\u00e3o precisar\u00e1 trocar seu m\u00f3vel por um bom tempo. Nosso ber\u00e7o Conforto \u00e9 fabricado com mat\u00e9ria-prima 100% MDF, um material ecologicamente correto e de \u00f3tima durabilidade e resist\u00eancia. \u00c9 um produto sin\u00f4nimo de SEGURAN\u00c7A, pois \u00e9 fabricado conforme as normas exigidas pela ABNT e certificado pelo INMETRO (Certifica\u00e7ao Compuls\u00f3ria de seguran\u00e7a INMETRO). Possui 2 regulagens de altura para o estrado (uma mais alta para quando o beb\u00ea ainda \u00e9 bem novinho e ainda n\u00e3o consegue sentar e outra mais baixa para quando o beb\u00ea j\u00e1 se movimenta e consegue ficar sentado). Aten\u00e7\u00e3o para a altura do colch\u00e3o que n\u00e3o pode passar de 12cm. Suas 2 grades laterais s\u00e3o fixas para maior seguran\u00e7a e a r\u00e9gua superior e inferior s\u00e3o fabricadas com MDF de 2,5cm o que proporciona ainda mais seguran\u00e7a. Possui tamb\u00e9m 4 rod\u00edzios girat\u00f3rios, sendo 2 com trava e 2 sem trava. As bordas s\u00e3o todas arredondadas e recebem pintura em lacca com tinta at\u00f3xica e as pe\u00e7as retas recebem pintura UV tamb\u00e9m com tinta e verniz at\u00f3xicos. Enviamos junto com o ber\u00e7o uma pe\u00e7a de ferro pintado (var\u00e3o mosquiteiro) que encaixa nas cabeceiras e serve para coloca\u00e7\u00e3o do cortinado, evitando assim que os pequenos sejam picados pelos mosquitos. Ber\u00e7o desenvolvido para uso de colch\u00e3o padr\u00e3o americano de 0,70&#215;1,30m C\u00f4moda, suas formas curvas conferem ao m\u00f3vel um toque decorativo no quarto dos pequenos. Possui 3 gavetas grandes com corredi\u00e7as met\u00e1licas e fundo encaixado que proporciona maior resist\u00eancia. Possui tamb\u00e9m 1 porta de abrir com prateleira interna e 1 cabideiro para voc\u00ea montar de acordo com sua necessidade.Caracter\u00edsticas:Cor: BrancoNecessita Montagem: SimCertificado: 00421-2018Suporta At\u00e9 (kg): 40Origem do Produto: NacionalMaterial Principal: MDFMedida de Cada Item: Roupeiro: A 205 x L 129,6 X P 0,43 , C\u00f4moda: A 99 X L 98 X P 0,43 , BER\u00c7O A 103,5 X L 81 X C 133Peso: 141Sistema de Montagem: Parafusos e cavilhasEscala de Brilho: Semi-BrilhoComplexidade da Montagem: Alta: deve ser montado por um montador especializadoPintura At\u00f3xica: SimCor Predominante: BrancoCor do Produto: BrancoItens Inclusos: 1 Quarto, Kit Ferragens e Manual de MontagemAmbiente Principal: Quarto de Beb\u00eaGarantia: 03 mesesRecomenda\u00e7\u00f5es de Uso, Manuten\u00e7\u00e3o e Limpeza: Pano seco, n\u00e3o aplicar lustra m\u00f3veis<\/p>\n<h4>Aproveite e pesquise o pre\u00e7o deste produto em dezenas de lojas dos marketplaces abaixo:<\/h4>\n<p><a href=\"https:\/\/www.magazinevoce.com.br\/magazineezu\/busca\/Quarto de Beb\u00ea com Ber\u00e7o, C\u00f4moda 4 Gavetas Guarda Roupa 4 Portas 4 Gavetas Prateleira Do\u00e7ura Branco\/\" target=\"_blank\" rel=\"noopener\"><img decoding=\"async\" src=\"https:\/\/mvc.mlcdn.com.br\/ad\/2503_superofertas.png\" alt=\"Pesquise no Magazine eZu\" \/> &#8211; da Parceria MAGALU<\/a>.<\/p>\n<p>Ainda n\u00e3o encontrou a melhor op\u00e7\u00e3o de compra? Oferecemos mais uma possibilidade de <strong>busca<\/strong> mais ampla para <a href=\"https:\/\/ecompare.com.br\/lojas\/resultados-da-pesquisa\/?q=Quarto de Beb\u00ea com Ber\u00e7o, C\u00f4moda 4 Gavetas Guarda Roupa 4 Portas 4 Gavetas Prateleira Do\u00e7ura Branco#gsc.tab=0&amp;gsc.q=Quarto de Beb\u00ea com Ber\u00e7o, C\u00f4moda 4 Gavetas Guarda Roupa 4 Portas 4 Gavetas Prateleira Do\u00e7ura Branco&amp;gsc.page=1\" target=\"_blank\" rel=\"noopener\">Quarto de Beb\u00ea com Ber\u00e7o, C\u00f4moda 4 Gavetas Guarda Roupa 4 Portas 4 Gavetas Prateleira Do\u00e7ura Branco, clique e continue <strong>pesquisando&#8230;<\/strong><\/a><\/p>\n<hr \/>\n","protected":false},"excerpt":{"rendered":"<p>R$ 1664.31 nas lojas <a href=\"https:\/\/www.awin1.com\/pclick.php?p=38605494928&#038;a=690303&#038;m=100453\" target=\"_blank\" rel=\"sponsored\">Casa Tema BR<\/a><\/p>\n","protected":false},"author":1,"featured_media":0,"comment_status":"closed","ping_status":"closed","sticky":false,"template":"","format":"standard","meta":{"footnotes":""},"categories":[2],"tags":[681,21],"class_list":["post-76717","post","type-post","status-publish","format-standard","hentry","category-produtos","tag-1664-31","tag-casa-tema-br"],"_links":{"self":[{"href":"https:\/\/jr1.com.br\/shopping\/wp-json\/wp\/v2\/posts\/76717","targetHints":{"allow":["GET"]}}],"collection":[{"href":"https:\/\/jr1.com.br\/shopping\/wp-json\/wp\/v2\/posts"}],"about":[{"href":"https:\/\/jr1.com.br\/shopping\/wp-json\/wp\/v2\/types\/post"}],"author":[{"embeddable":true,"href":"https:\/\/jr1.com.br\/shopping\/wp-json\/wp\/v2\/users\/1"}],"replies":[{"embeddable":true,"href":"https:\/\/jr1.com.br\/shopping\/wp-json\/wp\/v2\/comments?post=76717"}],"version-history":[{"count":0,"href":"https:\/\/jr1.com.br\/shopping\/wp-json\/wp\/v2\/posts\/76717\/revisions"}],"wp:attachment":[{"href":"https:\/\/jr1.com.br\/shopping\/wp-json\/wp\/v2\/media?parent=76717"}],"wp:term":[{"taxonomy":"category","embeddable":true,"href":"https:\/\/jr1.com.br\/shopping\/wp-json\/wp\/v2\/categories?post=76717"},{"taxonomy":"post_tag","embeddable":true,"href":"https:\/\/jr1.com.br\/shopping\/wp-json\/wp\/v2\/tags?post=76717"}],"curies":[{"name":"wp","href":"https:\/\/api.w.org\/{rel}","templated":true}]}}