{"id":76769,"date":"2026-03-23T04:46:28","date_gmt":"2026-03-23T04:46:28","guid":{"rendered":"https:\/\/jr1.com.br\/shopping\/2026\/03\/23\/guarda-roupa-infantil-2-portas-accesso-mobile-branco-carvalho-treviso\/"},"modified":"2026-03-23T04:46:28","modified_gmt":"2026-03-23T04:46:28","slug":"guarda-roupa-infantil-2-portas-accesso-mobile-branco-carvalho-treviso","status":"publish","type":"post","link":"https:\/\/jr1.com.br\/shopping\/2026\/03\/23\/guarda-roupa-infantil-2-portas-accesso-mobile-branco-carvalho-treviso\/","title":{"rendered":"Guarda Roupa Infantil 2 Portas Accesso M\u00f3bile Branco\/Carvalho Treviso"},"content":{"rendered":"<h2><\/h2>\n<h3>O pre\u00e7o de Guarda Roupa Infantil 2 Portas Accesso M\u00f3bile Branco\/Carvalho Treviso no dia acima especificado era de <strong>R$ 1694.94<\/strong>.<\/h3>\n<p>Confira o pre\u00e7o atual aqui: <a href=\"https:\/\/www.awin1.com\/pclick.php?p=38605494964&#038;a=690303&#038;m=100453\" rel=\"noopener sponsored\"><img decoding=\"async\" src=\"https:\/\/ui.awin.com\/images\/upload\/merchant\/profile\/100453.png\" alt=\"Guarda Roupa Infantil 2 Portas Accesso M\u00f3bile Branco\/Carvalho Treviso\" \/> &#8211; nas lojas Casa Tema BR<\/a><\/p>\n<p><img decoding=\"async\" src=\"https:\/\/casatema.vteximg.com.br\/arquivos\/ids\/872232_2\" alt=\"Guarda Roupa Infantil 2 Portas Accesso M\u00f3bile Branco\/Carvalho Treviso\" \/><br \/>\nGuarda Roupa Infantil 2 Portas Accesso M\u00f3bile Branco\/Carvalho TrevisoGuarda Roupa Infantil 2 Portas Accesso M\u00f3bile Branco\/Carvalho Treviso. Este Roupeiro \u00e9 um produto moderno e de alt\u00edssima qualidade. Confeccionado em MDF e com detalhes em madeira maci\u00e7a. O acabamento \u00e9 BP laminado e partes em Laca UV. Os principais diferenciais s\u00e3o: &#8211; 2 portas com sistema de giro, dobradi\u00e7as em alum\u00ednio &#8211; 4 prateleiras &#8211; 1 cabideiro de alum\u00ednio acabamento cromado &#8211; 1 maleiro &#8211; 2 gavetas com trilhos telesc\u00f3picosCaracter\u00edsticas:Cor: Branco\/Carvalho TrevisoEscala de Brilho da Prateleira: FoscoProfundidade: 45 cmLargura: 110 cmAltura: 211 cmNecessita Montagem: SimSistema de Montagem: Parafusos e minifixComplexidade da Montagem: Baixa: pode ser montado por uma pessoa sozinhaPossui Portas: 02Tipo de Dobradi\u00e7a\/Corredi\u00e7a da Porta: Alum\u00ednioTipo de Puxador da Porta: EmbutidoTipo de Porta: BaterAcabamento da Porta: BPMaterial da Porta: MDFPossui Prateleiras: 04Peso M\u00e1ximo por Prateleira: 5 kgAcabamento da Prateleira: BPMaterial Principal: MDFCor Predominante: BrancoItens Inclusos: 1 Guarda-Roupa, kit ferragens e manual de montagemEscala de Brilho da Porta: FoscoCor do Produto: Branco\/Carvalho TrevisoEscala de Brilho: FoscoMaterial da Prateleira: MDFAltura dos P\u00e9s: 10 cmTipo de Madeira Maci\u00e7a dos P\u00e9s: EucaliptoMaterial dos P\u00e9s: Madeira Maci\u00e7aAcabamento dos P\u00e9s: LacaPossui P\u00e9s: 05Sapatas Niveladoras: N\u00e3oPeso: 95,25 kgOrigem do Produto: NacionalGarantia: 12 mesesAmbiente Principal: Quarto de Beb\u00eaTipo de Guarda-Roupa: Beb\u00eaTipo de Gaveta: ExternaGuarda-Roupa Suporta At\u00e9 (kg): 50 kgGaveta com Chave: N\u00e3oMaterial da Gaveta: MDFAcabamento da Gaveta: Pintura UVTipo de Corredi\u00e7a da Gaveta: Met\u00e1lica Telesc\u00f3picaPeso M\u00e1ximo por Gaveta: 5 kgPossui Organizador de Gaveta: N\u00e3oEstilo: Retr\u00f4Possui Gavetas: 02Possui Espelho: N\u00e3o PossuiPossui Cabideiros: 01Possui Calceiros: N\u00e3oLinha ou Cole\u00e7\u00e3o: DengoRecomenda\u00e7\u00f5es de Uso, Manuten\u00e7\u00e3o e Limpeza: Pano macio levemente umedecido e na sequ\u00eancia pano macio seco.<\/p>\n<h4>Aproveite e pesquise o pre\u00e7o deste produto em dezenas de lojas dos marketplaces abaixo:<\/h4>\n<p><a href=\"https:\/\/www.magazinevoce.com.br\/magazineezu\/busca\/Guarda Roupa Infantil 2 Portas Accesso M\u00f3bile Branco\/Carvalho Treviso\/\" target=\"_blank\" rel=\"noopener\"><img decoding=\"async\" src=\"https:\/\/mvc.mlcdn.com.br\/ad\/2503_superofertas.png\" alt=\"Pesquise no Magazine eZu\" \/> &#8211; da Parceria MAGALU<\/a>.<\/p>\n<p>Ainda n\u00e3o encontrou a melhor op\u00e7\u00e3o de compra? Oferecemos mais uma possibilidade de <strong>busca<\/strong> mais ampla para <a href=\"https:\/\/ecompare.com.br\/lojas\/resultados-da-pesquisa\/?q=Guarda Roupa Infantil 2 Portas Accesso M\u00f3bile Branco\/Carvalho Treviso#gsc.tab=0&amp;gsc.q=Guarda Roupa Infantil 2 Portas Accesso M\u00f3bile Branco\/Carvalho Treviso&amp;gsc.page=1\" target=\"_blank\" rel=\"noopener\">Guarda Roupa Infantil 2 Portas Accesso M\u00f3bile Branco\/Carvalho Treviso, clique e continue <strong>pesquisando&#8230;<\/strong><\/a><\/p>\n<hr \/>\n","protected":false},"excerpt":{"rendered":"<p>R$ 1694.94 nas lojas <a href=\"https:\/\/www.awin1.com\/pclick.php?p=38605494964&#038;a=690303&#038;m=100453\" target=\"_blank\" rel=\"sponsored\">Casa Tema BR<\/a><\/p>\n","protected":false},"author":1,"featured_media":0,"comment_status":"closed","ping_status":"closed","sticky":false,"template":"","format":"standard","meta":{"footnotes":""},"categories":[2],"tags":[1113,21],"class_list":["post-76769","post","type-post","status-publish","format-standard","hentry","category-produtos","tag-1694-94","tag-casa-tema-br"],"_links":{"self":[{"href":"https:\/\/jr1.com.br\/shopping\/wp-json\/wp\/v2\/posts\/76769","targetHints":{"allow":["GET"]}}],"collection":[{"href":"https:\/\/jr1.com.br\/shopping\/wp-json\/wp\/v2\/posts"}],"about":[{"href":"https:\/\/jr1.com.br\/shopping\/wp-json\/wp\/v2\/types\/post"}],"author":[{"embeddable":true,"href":"https:\/\/jr1.com.br\/shopping\/wp-json\/wp\/v2\/users\/1"}],"replies":[{"embeddable":true,"href":"https:\/\/jr1.com.br\/shopping\/wp-json\/wp\/v2\/comments?post=76769"}],"version-history":[{"count":0,"href":"https:\/\/jr1.com.br\/shopping\/wp-json\/wp\/v2\/posts\/76769\/revisions"}],"wp:attachment":[{"href":"https:\/\/jr1.com.br\/shopping\/wp-json\/wp\/v2\/media?parent=76769"}],"wp:term":[{"taxonomy":"category","embeddable":true,"href":"https:\/\/jr1.com.br\/shopping\/wp-json\/wp\/v2\/categories?post=76769"},{"taxonomy":"post_tag","embeddable":true,"href":"https:\/\/jr1.com.br\/shopping\/wp-json\/wp\/v2\/tags?post=76769"}],"curies":[{"name":"wp","href":"https:\/\/api.w.org\/{rel}","templated":true}]}}