{"id":76881,"date":"2026-03-16T12:47:46","date_gmt":"2026-03-16T12:47:46","guid":{"rendered":"https:\/\/jr1.com.br\/shopping\/2026\/03\/16\/sapateira-duetto-1-porta-e-nichos-laterais-rustico-sapateira-duetto-1-porta-com-espelho-e-nichos-laterais-rustico\/"},"modified":"2026-03-16T12:47:46","modified_gmt":"2026-03-16T12:47:46","slug":"sapateira-duetto-1-porta-e-nichos-laterais-rustico-sapateira-duetto-1-porta-com-espelho-e-nichos-laterais-rustico","status":"publish","type":"post","link":"https:\/\/jr1.com.br\/shopping\/2026\/03\/16\/sapateira-duetto-1-porta-e-nichos-laterais-rustico-sapateira-duetto-1-porta-com-espelho-e-nichos-laterais-rustico\/","title":{"rendered":"Sapateira Duetto 1 Porta e Nichos Laterais &#8211; R\u00fastico &#8211; Sapateira Duetto 1 Porta com Espelho e Nichos Laterais &#8211; R\u00fastico"},"content":{"rendered":"<h2><\/h2>\n<h3>O pre\u00e7o de Sapateira Duetto 1 Porta e Nichos Laterais &#8211; R\u00fastico &#8211; Sapateira Duetto 1 Porta com Espelho e Nichos Laterais &#8211; R\u00fastico no dia acima especificado era de <strong>R$ 547.29<\/strong>.<\/h3>\n<p>Confira o pre\u00e7o atual aqui: <a href=\"https:\/\/www.awin1.com\/pclick.php?p=38605492672&#038;a=690303&#038;m=100453\" rel=\"noopener sponsored\"><img decoding=\"async\" src=\"https:\/\/ui.awin.com\/images\/upload\/merchant\/profile\/100453.png\" alt=\"Sapateira Duetto 1 Porta e Nichos Laterais - R\u00fastico - Sapateira Duetto 1 Porta com Espelho e Nichos Laterais - R\u00fastico\" \/> &#8211; nas lojas Casa Tema BR<\/a><\/p>\n<p><img decoding=\"async\" src=\"https:\/\/casatema.vteximg.com.br\/arquivos\/ids\/717695_2\" alt=\"Sapateira Duetto 1 Porta e Nichos Laterais - R\u00fastico - Sapateira Duetto 1 Porta com Espelho e Nichos Laterais - R\u00fastico\" \/><br \/>\nSapateira Duetto 1 Porta e Nichos Laterais &#8211; R\u00fasticoA Sapateira Duetto \u00e9 ideal para cal\u00e7ados e bolsas, tornando o dia a dia mais pratico. Com um visual moderno e pr\u00e1tico, conta com uma porta com espelho prateleiras internas e nichos laterais externos.MDFTrata-se de um painel de madeira reconstitu\u00edda, produzido por meio da aglutina\u00e7\u00e3o de fibras de madeira com resinas sint\u00e9ticas e aditivos. As placas de madeira s\u00e3o coladas umas sobre as outras com resina, e fixadas atrav\u00e9s de press\u00e3o. Empregado em partes aparentes dos m\u00f3veis, onde ser\u00e3o aplicados acabamentos. Uma madeira que permite mais criatividade no design dos m\u00f3veis, por isso, \u00e9 indicada em pe\u00e7as que ter\u00e3o partes arredondadas e contornos. O material tamb\u00e9m \u00e9 recomendado em casos de usinagem em baixo relevo e entalhamento.MDPPainel de madeira formado por part\u00edculas de madeira de m\u00e9dia densidade, \u00e9 tamb\u00e9m o mais consumido no mundo. \u00c9 produzido em prensas cont\u00ednuas de \u00faltima gera\u00e7\u00e3o, sendo um dos produtos mais tecnol\u00f3gicos e econ\u00f4micos para produ\u00e7\u00e3o de m\u00f3veis de linhas retas ou que precisam receber pinturas e revestimentos de qualquer material. Apresenta excelente resultado em m\u00f3veis para dormit\u00f3rios, escrit\u00f3rios, cozinhas, pain\u00e9is para decora\u00e7\u00e3o, prateleiras, tampos e base superior\/inferior. Com o manuseio correto e dispositivos de montagem, \u201cpode ser montado e desmontado quantas vezes for necess\u00e1rio.Garantia3 meses para defeito de fabrica\u00e7\u00e3o.Caracter\u00edsticas- R\u00fastico- Estrutura: MDP\/MDF- 6 prateleiras internas- 6 Nichos- 1 Porta- 1 Espelho- Espelho grande com moldura- Op\u00e7\u00e3o de montagem direita\/esquerdaDimens\u00f5es:Altura: 179 cm.Largura: 69 cm.Profundidade: 38 cm.Peso: 46 Kg.Outras Informa\u00e7\u00f5es- Na limpeza n\u00e3o utilizar produtos qu\u00edmicos e abrasivos, usar apenas um pano umedecido, para garantir a maior durabilidade do m\u00f3vel.- Antes de comprar o seu produto verifique as medidas, o local onde pretende instalar e se \u00e9 necess\u00e1rio contratar o servi\u00e7o de um profissional qualificado.- Os objetos que ambientam as fotos n\u00e3o acompanham o produto.- Imagens meramente ilustrativas. Cores e tonalidades podem variar.<\/p>\n<h4>Aproveite e pesquise o pre\u00e7o deste produto em dezenas de lojas dos marketplaces abaixo:<\/h4>\n<p><a href=\"https:\/\/www.magazinevoce.com.br\/magazineezu\/busca\/Sapateira Duetto 1 Porta e Nichos Laterais - R\u00fastico - Sapateira Duetto 1 Porta com Espelho e Nichos Laterais - R\u00fastico\/\" target=\"_blank\" rel=\"noopener\"><img decoding=\"async\" src=\"https:\/\/mvc.mlcdn.com.br\/ad\/2503_superofertas.png\" alt=\"Pesquise no Magazine eZu\" \/> &#8211; da Parceria MAGALU<\/a>.<\/p>\n<p>Ainda n\u00e3o encontrou a melhor op\u00e7\u00e3o de compra? Oferecemos mais uma possibilidade de <strong>busca<\/strong> mais ampla para <a href=\"https:\/\/ecompare.com.br\/lojas\/resultados-da-pesquisa\/?q=Sapateira Duetto 1 Porta e Nichos Laterais - R\u00fastico - Sapateira Duetto 1 Porta com Espelho e Nichos Laterais - R\u00fastico#gsc.tab=0&amp;gsc.q=Sapateira Duetto 1 Porta e Nichos Laterais - R\u00fastico - Sapateira Duetto 1 Porta com Espelho e Nichos Laterais - R\u00fastico&amp;gsc.page=1\" target=\"_blank\" rel=\"noopener\">Sapateira Duetto 1 Porta e Nichos Laterais &#8211; R\u00fastico &#8211; Sapateira Duetto 1 Porta com Espelho e Nichos Laterais &#8211; R\u00fastico, clique e continue <strong>pesquisando&#8230;<\/strong><\/a><\/p>\n<hr \/>\n","protected":false},"excerpt":{"rendered":"<p>R$ 547.29 nas lojas <a href=\"https:\/\/www.awin1.com\/pclick.php?p=38605492672&#038;a=690303&#038;m=100453\" target=\"_blank\" rel=\"sponsored\">Casa Tema BR<\/a><\/p>\n","protected":false},"author":1,"featured_media":0,"comment_status":"closed","ping_status":"closed","sticky":false,"template":"","format":"standard","meta":{"footnotes":""},"categories":[2],"tags":[1206,21],"class_list":["post-76881","post","type-post","status-publish","format-standard","hentry","category-produtos","tag-547-29","tag-casa-tema-br"],"_links":{"self":[{"href":"https:\/\/jr1.com.br\/shopping\/wp-json\/wp\/v2\/posts\/76881","targetHints":{"allow":["GET"]}}],"collection":[{"href":"https:\/\/jr1.com.br\/shopping\/wp-json\/wp\/v2\/posts"}],"about":[{"href":"https:\/\/jr1.com.br\/shopping\/wp-json\/wp\/v2\/types\/post"}],"author":[{"embeddable":true,"href":"https:\/\/jr1.com.br\/shopping\/wp-json\/wp\/v2\/users\/1"}],"replies":[{"embeddable":true,"href":"https:\/\/jr1.com.br\/shopping\/wp-json\/wp\/v2\/comments?post=76881"}],"version-history":[{"count":0,"href":"https:\/\/jr1.com.br\/shopping\/wp-json\/wp\/v2\/posts\/76881\/revisions"}],"wp:attachment":[{"href":"https:\/\/jr1.com.br\/shopping\/wp-json\/wp\/v2\/media?parent=76881"}],"wp:term":[{"taxonomy":"category","embeddable":true,"href":"https:\/\/jr1.com.br\/shopping\/wp-json\/wp\/v2\/categories?post=76881"},{"taxonomy":"post_tag","embeddable":true,"href":"https:\/\/jr1.com.br\/shopping\/wp-json\/wp\/v2\/tags?post=76881"}],"curies":[{"name":"wp","href":"https:\/\/api.w.org\/{rel}","templated":true}]}}