{"id":76945,"date":"2026-03-29T11:15:24","date_gmt":"2026-03-29T11:15:24","guid":{"rendered":"https:\/\/jr1.com.br\/shopping\/2026\/03\/29\/quarto-infantil-com-comoda-4-gavetas-guarda-roupa-2-portas-e-prateleira-fofura-espresso-moveis-branco-brilho-carvalho\/"},"modified":"2026-03-29T11:15:24","modified_gmt":"2026-03-29T11:15:24","slug":"quarto-infantil-com-comoda-4-gavetas-guarda-roupa-2-portas-e-prateleira-fofura-espresso-moveis-branco-brilho-carvalho","status":"publish","type":"post","link":"https:\/\/jr1.com.br\/shopping\/2026\/03\/29\/quarto-infantil-com-comoda-4-gavetas-guarda-roupa-2-portas-e-prateleira-fofura-espresso-moveis-branco-brilho-carvalho\/","title":{"rendered":"Quarto Infantil com C\u00f4moda 4 Gavetas Guarda-Roupa 2 Portas e Prateleira Fofura Espresso M\u00f3veis Branco Brilho\/Carvalho"},"content":{"rendered":"<h2><\/h2>\n<h3>O pre\u00e7o de Quarto Infantil com C\u00f4moda 4 Gavetas Guarda-Roupa 2 Portas e Prateleira Fofura Espresso M\u00f3veis Branco Brilho\/Carvalho no dia acima especificado era de <strong>R$ 902.47<\/strong>.<\/h3>\n<p>Confira o pre\u00e7o atual aqui: <a href=\"https:\/\/www.awin1.com\/pclick.php?p=38605495067&#038;a=690303&#038;m=100453\" rel=\"noopener sponsored\"><img decoding=\"async\" src=\"https:\/\/ui.awin.com\/images\/upload\/merchant\/profile\/100453.png\" alt=\"Quarto Infantil com C\u00f4moda 4 Gavetas Guarda-Roupa 2 Portas e Prateleira Fofura Espresso M\u00f3veis Branco Brilho\/Carvalho\" \/> &#8211; nas lojas Casa Tema BR<\/a><\/p>\n<p><img decoding=\"async\" src=\"https:\/\/casatema.vteximg.com.br\/arquivos\/ids\/873489_2\" alt=\"Quarto Infantil com C\u00f4moda 4 Gavetas Guarda-Roupa 2 Portas e Prateleira Fofura Espresso M\u00f3veis Branco Brilho\/Carvalho\" \/><br \/>\nQuarto Infantil com C\u00f4moda 4 Gavetas Guarda-Roupa 2 Portas e Prateleira Fofura Espresso M\u00f3veis Branco Brilho\/CarvalhoQuarto Infantil com C\u00f4moda 4 Gavetas Guarda-Roupa 2 Portas e Prateleira Fofura Espresso M\u00f3veis Branco Brilho\/Carvalho. Quarto Infantil com C\u00f4moda e Guarda Roupas com Prateleira Fofura. Desenvolvidos em 100% MDF e pintura at\u00f3xica. A c\u00f4moda tem tampo com bordas laqueadas. E tanto ela quanto o guarda roupas possuem cabideiro met\u00e1lico e corredi\u00e7a telesc\u00f3pica. Tamb\u00e9m acompanham 2 modelos de rodap\u00e9s (1 reto e 1 torneado &#8211; usinado), para que voc\u00ea escolha qual utilizar no momento da montagem. Tem no total 2 portas e 7 gavetas, e al\u00e9m das prateleiras na lateral do guarda roupas tamb\u00e9m h\u00e1 1 no seu interno. Tudo para que voc\u00ea e sua fam\u00edlia tenham conforto e tranquilidade com a maior seguran\u00e7a.Caracter\u00edsticas:Acabamento: Pintura UVPossui Rod\u00edzio: N\u00e3oCor: Branco Brilho\/CarvalhoCor Predominante: BrancoMaterial Principal: MDFAmbiente Principal: Quarto de Beb\u00eaAmbiente: Quarto de Beb\u00eaGarantia: 03 meses<\/p>\n<h4>Aproveite e pesquise o pre\u00e7o deste produto em dezenas de lojas dos marketplaces abaixo:<\/h4>\n<p><a href=\"https:\/\/www.magazinevoce.com.br\/magazineezu\/busca\/Quarto Infantil com C\u00f4moda 4 Gavetas Guarda-Roupa 2 Portas e Prateleira Fofura Espresso M\u00f3veis Branco Brilho\/Carvalho\/\" target=\"_blank\" rel=\"noopener\"><img decoding=\"async\" src=\"https:\/\/mvc.mlcdn.com.br\/ad\/2503_superofertas.png\" alt=\"Pesquise no Magazine eZu\" \/> &#8211; da Parceria MAGALU<\/a>.<\/p>\n<p>Ainda n\u00e3o encontrou a melhor op\u00e7\u00e3o de compra? Oferecemos mais uma possibilidade de <strong>busca<\/strong> mais ampla para <a href=\"https:\/\/ecompare.com.br\/lojas\/resultados-da-pesquisa\/?q=Quarto Infantil com C\u00f4moda 4 Gavetas Guarda-Roupa 2 Portas e Prateleira Fofura Espresso M\u00f3veis Branco Brilho\/Carvalho#gsc.tab=0&amp;gsc.q=Quarto Infantil com C\u00f4moda 4 Gavetas Guarda-Roupa 2 Portas e Prateleira Fofura Espresso M\u00f3veis Branco Brilho\/Carvalho&amp;gsc.page=1\" target=\"_blank\" rel=\"noopener\">Quarto Infantil com C\u00f4moda 4 Gavetas Guarda-Roupa 2 Portas e Prateleira Fofura Espresso M\u00f3veis Branco Brilho\/Carvalho, clique e continue <strong>pesquisando&#8230;<\/strong><\/a><\/p>\n<hr \/>\n","protected":false},"excerpt":{"rendered":"<p>R$ 902.47 nas lojas <a href=\"https:\/\/www.awin1.com\/pclick.php?p=38605495067&#038;a=690303&#038;m=100453\" target=\"_blank\" rel=\"sponsored\">Casa Tema BR<\/a><\/p>\n","protected":false},"author":1,"featured_media":0,"comment_status":"closed","ping_status":"closed","sticky":false,"template":"","format":"standard","meta":{"footnotes":""},"categories":[2],"tags":[1227,21],"class_list":["post-76945","post","type-post","status-publish","format-standard","hentry","category-produtos","tag-902-47","tag-casa-tema-br"],"_links":{"self":[{"href":"https:\/\/jr1.com.br\/shopping\/wp-json\/wp\/v2\/posts\/76945","targetHints":{"allow":["GET"]}}],"collection":[{"href":"https:\/\/jr1.com.br\/shopping\/wp-json\/wp\/v2\/posts"}],"about":[{"href":"https:\/\/jr1.com.br\/shopping\/wp-json\/wp\/v2\/types\/post"}],"author":[{"embeddable":true,"href":"https:\/\/jr1.com.br\/shopping\/wp-json\/wp\/v2\/users\/1"}],"replies":[{"embeddable":true,"href":"https:\/\/jr1.com.br\/shopping\/wp-json\/wp\/v2\/comments?post=76945"}],"version-history":[{"count":0,"href":"https:\/\/jr1.com.br\/shopping\/wp-json\/wp\/v2\/posts\/76945\/revisions"}],"wp:attachment":[{"href":"https:\/\/jr1.com.br\/shopping\/wp-json\/wp\/v2\/media?parent=76945"}],"wp:term":[{"taxonomy":"category","embeddable":true,"href":"https:\/\/jr1.com.br\/shopping\/wp-json\/wp\/v2\/categories?post=76945"},{"taxonomy":"post_tag","embeddable":true,"href":"https:\/\/jr1.com.br\/shopping\/wp-json\/wp\/v2\/tags?post=76945"}],"curies":[{"name":"wp","href":"https:\/\/api.w.org\/{rel}","templated":true}]}}