{"id":77418,"date":"2026-03-22T20:13:11","date_gmt":"2026-03-22T20:13:11","guid":{"rendered":"https:\/\/jr1.com.br\/shopping\/2026\/03\/22\/berco-versailles-plus-timber-mel\/"},"modified":"2026-03-22T20:13:11","modified_gmt":"2026-03-22T20:13:11","slug":"berco-versailles-plus-timber-mel","status":"publish","type":"post","link":"https:\/\/jr1.com.br\/shopping\/2026\/03\/22\/berco-versailles-plus-timber-mel\/","title":{"rendered":"Ber\u00e7o Versailles Plus Timber Mel"},"content":{"rendered":"<h2><\/h2>\n<h3>O pre\u00e7o de Ber\u00e7o Versailles Plus Timber Mel no dia acima especificado era de <strong>R$ 4696.83<\/strong>.<\/h3>\n<p>Confira o pre\u00e7o atual aqui: <a href=\"https:\/\/www.awin1.com\/pclick.php?p=38605495363&#038;a=690303&#038;m=100453\" rel=\"noopener sponsored\"><img decoding=\"async\" src=\"https:\/\/ui.awin.com\/images\/upload\/merchant\/profile\/100453.png\" alt=\"Ber\u00e7o Versailles Plus Timber Mel\" \/> &#8211; nas lojas Casa Tema BR<\/a><\/p>\n<p><img decoding=\"async\" src=\"https:\/\/casatema.vteximg.com.br\/arquivos\/ids\/877106_2\" alt=\"Ber\u00e7o Versailles Plus Timber Mel\" \/><br \/>\nBer\u00e7o Versailles Plus Timber MelBer\u00e7o Versailles Plus Timber Mel. M\u00f3veis cl\u00e1ssicos, trazendo o estilo proven\u00e7al com muita sofistica\u00e7\u00e3o. Com design charmoso e arabescos entalhados, os m\u00f3veis da linha Versailles deixam o quarto digno da realeza. O ber\u00e7o Versailles possui uma estrutura robusta e dur\u00e1vel, pois utiliza MDF de 2,5 cm de espessura, e mastros em madeira maci\u00e7a. O acabamento de alto padr\u00e3o traz: pintura laca, aplica\u00e7\u00e3o de palha talagar\u00e7a nas cabeceiras e arabescos entalhados. Os seus p\u00e9s s\u00e3o fresados em madeira no formato leg\u00edtimo Lu\u00eds XV, e os mastros no mesmo material com 5 cm de espessura. O estrado pode ser montado em 3 alturas, o que possibilita que o m\u00f3vel acompanhe as fases da vida do beb\u00ea. Pode ser transformado em minicama (pe\u00e7as para transfoma\u00e7\u00e3o vendidas separadamente)Caracter\u00edsticas:Cor: MelLinha ou Cole\u00e7\u00e3o: VersaillesMaterial do Estrado: MadeiraAcabamento dos P\u00e9s: VernizPossui Prateleiras: N\u00e3oNecessita Montagem: SimMultifun\u00e7\u00e3o Flex: N\u00e3oMaterial Principal: Madeira Maci\u00e7aAmbiente Principal: Quarto de Beb\u00eaSistema de Montagem: Parafusos, Minifix, Cavilhas.Acompanha Colch\u00e3o: N\u00e3oSuporta At\u00e9 (kg): 40Origem do Produto: NacionalMaterial dos P\u00e9s: Madeira Maci\u00e7aMaterial da Grade: MadeiraAcompanha M\u00f3bile: N\u00e3oSapatas Niveladoras: N\u00e3oSistema Anti-Refluxo: N\u00e3oEscala de Brilho: FoscoAcompanha Suporte para Mosquiteiro: N\u00e3oItens Inclusos: 1 Ber\u00e7o, Kit Ferragens e Manual de MontagemEstrado Regul\u00e1vel em Quantas Posi\u00e7\u00f5es: 03Permite a Utiliza\u00e7\u00e3o de Cama Auxiliar: N\u00e3oTamanho do Colch\u00e3o Indicado (L x C): 70cm x 130cmEspa\u00e7o Entre as Barras das Grades: 5.5Acompanha Cama Auxiliar: N\u00e3oTipo de Madeira Maci\u00e7a dos P\u00e9s: PinusEstrado com Regulagem de Altura: SimAltura do Estrado at\u00e9 o Ch\u00e3o: 42Op\u00e7\u00f5es de Altura do Estrado: 42cm | 46,7cm | 55,9cmComplexidade da Montagem: M\u00e9dia: pode ser montado por mais de uma pessoa e\/ou necessite de maior conhecimento para montagemTipo de Madeira Maci\u00e7a: PinusPintura At\u00f3xica: SimCor Predominante: MarromPeso: 70Acompanha Dossel: N\u00e3oTipo de Grade: FixaTipo de Estrado: Remov\u00edvelPossui Rod\u00edzio: N\u00e3oAltura dos P\u00e9s: 40Possui Gavetas: N\u00e3oCor do Produto: MelPossui Portas: N\u00e3oAltura: 113Profundidade: 79Possui P\u00e9s: 04Certificado: 004601\/2017Acabamento: VernizPort\u00e1til: N\u00e3oLargura: 140Estilo: Proven\u00e7alRecomenda\u00e7\u00f5es de Uso, Manuten\u00e7\u00e3o e Limpeza: Para higieniza\u00e7\u00e3o, utilizar um pano levemente umedecido.Garantia: 03 meses<\/p>\n<h4>Aproveite e pesquise o pre\u00e7o deste produto em dezenas de lojas dos marketplaces abaixo:<\/h4>\n<p><a href=\"https:\/\/www.magazinevoce.com.br\/magazineezu\/busca\/Ber\u00e7o Versailles Plus Timber Mel\/\" target=\"_blank\" rel=\"noopener\"><img decoding=\"async\" src=\"https:\/\/mvc.mlcdn.com.br\/ad\/2503_superofertas.png\" alt=\"Pesquise no Magazine eZu\" \/> &#8211; da Parceria MAGALU<\/a>.<\/p>\n<p>Ainda n\u00e3o encontrou a melhor op\u00e7\u00e3o de compra? Oferecemos mais uma possibilidade de <strong>busca<\/strong> mais ampla para <a href=\"https:\/\/ecompare.com.br\/lojas\/resultados-da-pesquisa\/?q=Ber\u00e7o Versailles Plus Timber Mel#gsc.tab=0&amp;gsc.q=Ber\u00e7o Versailles Plus Timber Mel&amp;gsc.page=1\" target=\"_blank\" rel=\"noopener\">Ber\u00e7o Versailles Plus Timber Mel, clique e continue <strong>pesquisando&#8230;<\/strong><\/a><\/p>\n<hr \/>\n","protected":false},"excerpt":{"rendered":"<p>R$ 4696.83 nas lojas <a href=\"https:\/\/www.awin1.com\/pclick.php?p=38605495363&#038;a=690303&#038;m=100453\" target=\"_blank\" rel=\"sponsored\">Casa Tema BR<\/a><\/p>\n","protected":false},"author":1,"featured_media":0,"comment_status":"closed","ping_status":"closed","sticky":false,"template":"","format":"standard","meta":{"footnotes":""},"categories":[2],"tags":[1422,21],"class_list":["post-77418","post","type-post","status-publish","format-standard","hentry","category-produtos","tag-4696-83","tag-casa-tema-br"],"_links":{"self":[{"href":"https:\/\/jr1.com.br\/shopping\/wp-json\/wp\/v2\/posts\/77418","targetHints":{"allow":["GET"]}}],"collection":[{"href":"https:\/\/jr1.com.br\/shopping\/wp-json\/wp\/v2\/posts"}],"about":[{"href":"https:\/\/jr1.com.br\/shopping\/wp-json\/wp\/v2\/types\/post"}],"author":[{"embeddable":true,"href":"https:\/\/jr1.com.br\/shopping\/wp-json\/wp\/v2\/users\/1"}],"replies":[{"embeddable":true,"href":"https:\/\/jr1.com.br\/shopping\/wp-json\/wp\/v2\/comments?post=77418"}],"version-history":[{"count":0,"href":"https:\/\/jr1.com.br\/shopping\/wp-json\/wp\/v2\/posts\/77418\/revisions"}],"wp:attachment":[{"href":"https:\/\/jr1.com.br\/shopping\/wp-json\/wp\/v2\/media?parent=77418"}],"wp:term":[{"taxonomy":"category","embeddable":true,"href":"https:\/\/jr1.com.br\/shopping\/wp-json\/wp\/v2\/categories?post=77418"},{"taxonomy":"post_tag","embeddable":true,"href":"https:\/\/jr1.com.br\/shopping\/wp-json\/wp\/v2\/tags?post=77418"}],"curies":[{"name":"wp","href":"https:\/\/api.w.org\/{rel}","templated":true}]}}